{"id":113582,"date":"2021-03-23T14:20:50","date_gmt":"2021-03-23T18:20:50","guid":{"rendered":"https:\/\/linitiative.ca\/International\/preparatifs-pour-le-ramadan-offre-abondante-en-produits-de-base\/"},"modified":"2021-03-23T14:20:50","modified_gmt":"2021-03-23T18:20:50","slug":"preparatifs-pour-le-ramadan-offre-abondante-en-produits-de-base","status":"publish","type":"post","link":"https:\/\/linitiative.ca\/International\/preparatifs-pour-le-ramadan-offre-abondante-en-produits-de-base\/","title":{"rendered":"Pr\u00e9paratifs pour le Ramadan : Offre abondante en produits de base"},"content":{"rendered":"<p class=\"c4\">L\u2019\u00e9tat actuel et pr\u00e9vu pour les semaines et mois \u00e0 venir en mati\u00e8re d\u2019approvisionnement du march\u00e9 national en produits de base et de premi\u00e8re n\u00e9cessit\u00e9 se caract\u00e9rise par une offre abondante et diversifi\u00e9e qui r\u00e9pond aux besoins des citoyens \u00e0 travers tout le Royaume, souligne mardi le minist\u00e8re de l\u2019Int\u00e9rieur.<\/p>\n<p class=\"c4\">Dans le cadre du suivi de la situation g\u00e9n\u00e9rale d\u2019approvisionnement, des prix et des mesures adopt\u00e9es en pr\u00e9vision du mois sacr\u00e9 de Ramadan 1442, et suite aux pr\u00e9c\u00e9dentes r\u00e9unions de coordination entre les minist\u00e8res et institutions concern\u00e9s, le ministre de l\u2019Int\u00e9rieur, M. Abdelouafi Laftit, a pr\u00e9sid\u00e9 mardi, en pr\u00e9sence des ministres de l\u2019Agriculture, de la p\u00eache maritime, du d\u00e9veloppement rural et des eaux et for\u00eats, de l\u2019Industrie, du commerce et de l\u2019\u00e9conomie verte et num\u00e9rique et de l\u2019\u00c9nergie, des mines et de l\u2019environnement, ainsi que du ministre d\u00e9l\u00e9gu\u00e9 aupr\u00e8s du ministre de l\u2019Int\u00e9rieur, une rencontre \u00e0 laquelle ont \u00e9galement assist\u00e9, par visioconf\u00e9rence, les walis des r\u00e9gions et les gouverneurs des pr\u00e9fectures et provinces du Royaume, indique le minist\u00e8re de l\u2019Int\u00e9rieur dans un communiqu\u00e9.<\/p>\n<p class=\"c4\">Cette r\u00e9union a \u00e9t\u00e9 consacr\u00e9e \u00e0 l\u2019\u00e9valuation et au suivi de la situation d\u2019approvisionnement du march\u00e9 national et des prix des produits de base, mais aussi \u00e0 l\u2019orientation des interventions des services en charge du suivi et de la protection des consommateurs, outre le renforcement des m\u00e9canismes de coordination entre les diff\u00e9rentes administrations et instances concern\u00e9es aux niveaux central et local, selon la m\u00eame source.<\/p>\n<p class=\"c4\">A travers les donn\u00e9es actualis\u00e9es fournies par les responsables des secteurs minist\u00e9riels, des institutions publiques et les rapports r\u00e9alis\u00e9s dans les diff\u00e9rentes provinces et pr\u00e9fectures sur la base d\u2019enqu\u00eates et de recherches sur le terrain, il a \u00e9t\u00e9 confirm\u00e9 que l\u2019\u00e9tat d\u2019approvisionnement actuel et pr\u00e9vu lors des semaines et mois \u00e0 venir est caract\u00e9ris\u00e9 par une offre abondante et diversifi\u00e9e qui r\u00e9pond aux besoins des citoyens \u00e0 travers tout le Royaume en termes de produits de base, qu\u2019ils soient locaux ou import\u00e9s, en particulier ceux qui sont tr\u00e8s pris\u00e9s \u00e0 l\u2019occasion du mois de Ramadan et ce, gr\u00e2ce \u00e0 la bonne pr\u00e9paration et aux efforts consentis par les producteurs, fournisseurs, distributeurs et commer\u00e7ants, et aux mesures d\u2019accompagnement adopt\u00e9es par les autorit\u00e9s publiques \u00e0 cet \u00e9gard, poursuit le communiqu\u00e9.<\/p>\n<p class=\"c4\">Les prix des principales denr\u00e9es, ajoute-t-on, sont en majorit\u00e9 stables et restent \u00e0 leurs niveaux normaux, avec des variations relatives enregistr\u00e9es dans les prix de certains produits par rapport \u00e0 la m\u00eame p\u00e9riode l\u2019an dernier, comme la baisse relative enregistr\u00e9e dans les prix des l\u00e9gumes, des viandes rouges, des l\u00e9gumineuses et des fruits secs, et l\u2019augmentation relative enregistr\u00e9e dans les prix des huiles alimentaires, de la viande blanche et des \u0153ufs.<\/p>\n<p class=\"c4\">En d\u00e9pit des donn\u00e9es rassurantes et des indicateurs positifs, note le minist\u00e8re, les pouvoirs publics ont \u00e9t\u00e9 appel\u00e9s \u00e0 suivre de pr\u00e8s la situation de l\u2019offre et de mobiliser les diff\u00e9rents acteurs afin d\u2019assurer l\u2019abondance des produits de premi\u00e8re n\u00e9cessit\u00e9 sur les march\u00e9s, \u00e0 travers tout le Royaume, avec les quantit\u00e9s et la qualit\u00e9 requises et \u00e0 des prix raisonnables, et de prendre toutes les mesures n\u00e9cessaires pour \u00e9viter tout d\u00e9faut d\u2019approvisionnement.<\/p>\n<p class=\"c4\">En ce qui concerne les op\u00e9rations de contr\u00f4le, et dans le but de gagner le pari de soutenir le pouvoir d\u2019achat des citoyens et de prot\u00e9ger leur s\u00e9curit\u00e9 et leur sant\u00e9, M. Laftit a ordonn\u00e9 aux walis et gouverneurs de mobiliser les diff\u00e9rents services et autorit\u00e9s comp\u00e9tentes, ainsi que les commissions r\u00e9gionales et locales et les organes de contr\u00f4le, tout en veillant \u00e0 assurer la coordination et le renforcement de l\u2019efficacit\u00e9 de leurs interventions afin de prot\u00e9ger le consommateur de toutes les pratiques pouvant affecter sa sant\u00e9, sa s\u00e9curit\u00e9 et son pouvoir d\u2019achat et d\u00e9noncer les violations et pratiques ill\u00e9gales conform\u00e9ment aux dispositions de la l\u00e9gislation en vigueur \u00e0 cet \u00e9gard, souligne le communiqu\u00e9, ajoutant que les op\u00e9rations de contr\u00f4le et de suivi des march\u00e9s doivent s\u2019inscrire dans la continuit\u00e9, l\u2019anticipation des risques et le d\u00e9veloppement continu des m\u00e9canismes de travail et de coordination entre les diff\u00e9rentes parties prenantes.<\/p>\n<p class=\"c4\">Le communiqu\u00e9 souligne, par ailleurs, que compte tenu des risques et des r\u00e9percussions de la pand\u00e9mie de Covid-19 qui subsistent encore, et afin de prot\u00e9ger la sant\u00e9 et la s\u00e9curit\u00e9 des citoyens, il est imp\u00e9ratif pour l\u2019ensemble des acteurs de poursuivre leurs efforts dans ce cadre et de veiller en toute fermet\u00e9 au respect des mesures de distanciation pr\u00e9ventive et sociale dans tous les espaces, les groupements commerciaux, les points de vente et magasins de services qui connaissent une tr\u00e8s grande affluence, avant et pendant le mois de Ramadan.<\/p>\n<p class=\"c4\">Il est \u00e9galement imp\u00e9ratif que les interventions des services et m\u00e9canismes de contr\u00f4le \u00e0 caract\u00e8re pr\u00e9ventif et coercitif soient adoss\u00e9es \u00e0 l\u2019accompagnement et l\u2019assistance de toutes les parties du processus de consommation, insiste le minist\u00e8re, mettant l\u2019accent sur la n\u00e9cessit\u00e9 d\u2019associer toutes les instances concern\u00e9es, notamment les Chambres professionnelles, les associations des commer\u00e7ants et les associations de protection du consommateur, aux efforts d\u00e9ploy\u00e9s pour encadrer et sensibiliser commer\u00e7ants et consommateurs.<\/p>\n<p class=\"c4\">A cet effet, le ministre a donn\u00e9 ses instructions pour l\u2019activation des lignes t\u00e9l\u00e9phoniques et des cellules de permanence au niveau des pr\u00e9fectures et provinces, ainsi que tous les services comp\u00e9tents, \u00e0 l\u2019effet de recevoir et de traiter les d\u00e9nonciations et les r\u00e9clamations des consommateurs, des commer\u00e7ants et des diff\u00e9rentes sensibilit\u00e9s de la soci\u00e9t\u00e9 civile au sujet de l\u2019approvisionnement, de la qualit\u00e9, des prix et de toute pratique ill\u00e9gale susceptible de perturber le cours normal des march\u00e9s ou d\u2019attenter \u00e0 la sant\u00e9 et \u00e0 la s\u00e9curit\u00e9 des citoyens.<\/p>\n<p class=\"c4\">Dans le cadre de la valorisation du volet communicationnel dans l\u2019accompagnement de toutes les mesures visant le d\u00e9roulement du mois de Ramadan dans les meilleures conditions, l\u2019accent a \u00e9t\u00e9 mis sur l\u2019importance d\u2019une communication accrue avec les citoyens via tous les moyens possibles, en impliquant l\u2019ensemble des instances concern\u00e9es et les m\u00e9dias, dans l\u2019objectif de faire conna\u00eetre la situation r\u00e9elle au niveau des march\u00e9s et les efforts consentis par les op\u00e9rateurs \u00e9conomiques et les autorit\u00e9s publiques en vue de garantir un approvisionnement r\u00e9gulier des march\u00e9s et une stabilit\u00e9 des prix, en plus de pr\u00e9munir la sant\u00e9 des citoyens et d\u2019ancrer les principes de transparence et de probit\u00e9 en mati\u00e8re des transactions commerciales.<\/p>\n<p class=\"c4\">Ont aussi pris part \u00e0 cette r\u00e9union les secr\u00e9taires g\u00e9n\u00e9raux et les repr\u00e9sentants des d\u00e9partements minist\u00e9riels concern\u00e9s, les directeurs g\u00e9n\u00e9raux des Douanes, des Imp\u00f4ts indirects, de l\u2019Office national de s\u00e9curit\u00e9 sanitaire des produits alimentaires, de l\u2019Office national interprofessionnel des C\u00e9r\u00e9ales et des l\u00e9gumineuses et de l\u2019Office national des p\u00eaches. Y ont \u00e9galement assist\u00e9, \u00e0 distance, les chefs des divisions des affaires \u00e9conomiques au niveau des pr\u00e9fectures et des provinces.<\/p>\n<p>Auteur: Soufiane ELAHMAR<br \/>\n<a href=\"http:\/\/www.mapoujda.ma\/fr\/preparatifs-pour-le-ramadan-offre-abondante-en-produits-de-base\/\">Cliquez ici pour lire l&rsquo;article depuis sa source.<\/a><\/p>\n","protected":false},"excerpt":{"rendered":"<p>L\u2019\u00e9tat actuel et pr\u00e9vu pour les semaines et mois \u00e0 venir en mati\u00e8re d\u2019approvisionnement du march\u00e9 national en produits de base et de premi\u00e8re n\u00e9cessit\u00e9 se caract\u00e9rise par une offre abondante et diversifi\u00e9e qui r\u00e9pond aux besoins des citoyens \u00e0 travers tout le Royaume, souligne mardi le minist\u00e8re de l\u2019Int\u00e9rieur. Dans le cadre du suivi [&hellip;]<\/p>\n","protected":false},"author":1788,"featured_media":0,"comment_status":"closed","ping_status":"closed","sticky":false,"template":"","format":"standard","meta":{"fifu_image_url":"","fifu_image_alt":"","footnotes":""},"categories":[54,76],"tags":[],"class_list":["post-113582","post","type-post","status-publish","format-standard","hentry","category-maroc","category-regions"],"_links":{"self":[{"href":"https:\/\/linitiative.ca\/International\/wp-json\/wp\/v2\/posts\/113582","targetHints":{"allow":["GET"]}}],"collection":[{"href":"https:\/\/linitiative.ca\/International\/wp-json\/wp\/v2\/posts"}],"about":[{"href":"https:\/\/linitiative.ca\/International\/wp-json\/wp\/v2\/types\/post"}],"author":[{"embeddable":true,"href":"https:\/\/linitiative.ca\/International\/wp-json\/wp\/v2\/users\/1788"}],"replies":[{"embeddable":true,"href":"https:\/\/linitiative.ca\/International\/wp-json\/wp\/v2\/comments?post=113582"}],"version-history":[{"count":0,"href":"https:\/\/linitiative.ca\/International\/wp-json\/wp\/v2\/posts\/113582\/revisions"}],"wp:attachment":[{"href":"https:\/\/linitiative.ca\/International\/wp-json\/wp\/v2\/media?parent=113582"}],"wp:term":[{"taxonomy":"category","embeddable":true,"href":"https:\/\/linitiative.ca\/International\/wp-json\/wp\/v2\/categories?post=113582"},{"taxonomy":"post_tag","embeddable":true,"href":"https:\/\/linitiative.ca\/International\/wp-json\/wp\/v2\/tags?post=113582"}],"curies":[{"name":"wp","href":"https:\/\/api.w.org\/{rel}","templated":true}]}}