{"id":113583,"date":"2021-03-23T15:14:10","date_gmt":"2021-03-23T19:14:10","guid":{"rendered":"https:\/\/linitiative.ca\/International\/equipe-dalgerie-belmadi-il-faut-avoir-cette-culture-de-la-victoire\/"},"modified":"2021-03-23T15:14:10","modified_gmt":"2021-03-23T19:14:10","slug":"equipe-dalgerie-belmadi-il-faut-avoir-cette-culture-de-la-victoire","status":"publish","type":"post","link":"https:\/\/linitiative.ca\/International\/equipe-dalgerie-belmadi-il-faut-avoir-cette-culture-de-la-victoire\/","title":{"rendered":"Equipe d&rsquo;Alg\u00e9rie : Belmadi : \u00abIl faut avoir cette culture de la victoire\u00bb"},"content":{"rendered":"<div readability=\"32\">\n<p>Auteur : <span class=\"time\">mardi 23 mars 2021 14:36<\/span><\/p>\n<\/div>\n<div id=\"post_core\" readability=\"40\">\n<p>Le s\u00e9lectionneur national, Djamel Belmadi a insist\u00e9 sur l\u2019importance de boucler les qualifications de la CAN \u00a0avec deux\u00a0 victoires\u00a0:\u00a0\u00abNous abordons ces deux derni\u00e8res rencontres avec l&rsquo;intention de les remporter, il faut avoir cette culture de la victoire, continu\u00e9 \u00e0 \u00eatre ambitieux. J&rsquo;aime bien ce genre de d\u00e9fi : voyager en Afrique contre une s\u00e9lection qui joue sa qualification, elle va certainement se donner \u00e0 fond. Des circonstances difficiles qu&rsquo;on va retrouver dans les qualifications du Mondial, il faut se pr\u00e9parer \u00e0 \u00e7a.\u00bb.<\/p>\n<p><strong>Publi\u00e9 dans :<\/strong> <span>Belmadi<\/span><\/p>\n<\/div>\n<p>Auteur:<br \/>\n<a href=\"http:\/\/www.lebuteur.com\/article\/detail?titre=belmadi-il-faut-avoir-cette-culture-de-la-victoire&#038;id=99492&#038;utm_source=feedburner&#038;utm_medium=feed&#038;utm_campaign=Feed%3A+GalerieFArtciles+%28Les+derniers+articles++-+lebuteur.com%29\">Cliquez ici pour lire l&rsquo;article depuis sa source.<\/a><\/p>\n","protected":false},"excerpt":{"rendered":"<p>Auteur : mardi 23 mars 2021 14:36 Le s\u00e9lectionneur national, Djamel Belmadi a insist\u00e9 sur l\u2019importance de boucler les qualifications de la CAN \u00a0avec deux\u00a0 victoires\u00a0:\u00a0\u00abNous abordons ces deux derni\u00e8res rencontres avec l&rsquo;intention de les remporter, il faut avoir cette culture de la victoire, continu\u00e9 \u00e0 \u00eatre ambitieux. J&rsquo;aime bien ce genre de d\u00e9fi : [&hellip;]<\/p>\n","protected":false},"author":1738,"featured_media":0,"comment_status":"closed","ping_status":"closed","sticky":false,"template":"","format":"standard","meta":{"fifu_image_url":"\/\/cdn.lebuteur.com\/data\/images\/article\/thumbs\/large-belmadi-il-faut-avoir-cette-culture-de-la-victoire-6890a.jpg","fifu_image_alt":"Equipe d'Alg\u00e9rie : Belmadi : \u00abIl faut avoir cette culture de la victoire\u00bb","footnotes":""},"categories":[53,75],"tags":[],"class_list":["post-113583","post","type-post","status-publish","format-standard","hentry","category-algerie","category-sport"],"_links":{"self":[{"href":"https:\/\/linitiative.ca\/International\/wp-json\/wp\/v2\/posts\/113583","targetHints":{"allow":["GET"]}}],"collection":[{"href":"https:\/\/linitiative.ca\/International\/wp-json\/wp\/v2\/posts"}],"about":[{"href":"https:\/\/linitiative.ca\/International\/wp-json\/wp\/v2\/types\/post"}],"author":[{"embeddable":true,"href":"https:\/\/linitiative.ca\/International\/wp-json\/wp\/v2\/users\/1738"}],"replies":[{"embeddable":true,"href":"https:\/\/linitiative.ca\/International\/wp-json\/wp\/v2\/comments?post=113583"}],"version-history":[{"count":0,"href":"https:\/\/linitiative.ca\/International\/wp-json\/wp\/v2\/posts\/113583\/revisions"}],"wp:attachment":[{"href":"https:\/\/linitiative.ca\/International\/wp-json\/wp\/v2\/media?parent=113583"}],"wp:term":[{"taxonomy":"category","embeddable":true,"href":"https:\/\/linitiative.ca\/International\/wp-json\/wp\/v2\/categories?post=113583"},{"taxonomy":"post_tag","embeddable":true,"href":"https:\/\/linitiative.ca\/International\/wp-json\/wp\/v2\/tags?post=113583"}],"curies":[{"name":"wp","href":"https:\/\/api.w.org\/{rel}","templated":true}]}}