{"id":113584,"date":"2021-03-23T15:14:14","date_gmt":"2021-03-23T19:14:14","guid":{"rendered":"https:\/\/linitiative.ca\/International\/equipe-dalgerie-belmadi-pour-les-nouveaux-je-ne-compte-pas-les-mettre-en-difficulte-des-le-debut-en-afrique\/"},"modified":"2021-03-23T15:14:14","modified_gmt":"2021-03-23T19:14:14","slug":"equipe-dalgerie-belmadi-pour-les-nouveaux-je-ne-compte-pas-les-mettre-en-difficulte-des-le-debut-en-afrique","status":"publish","type":"post","link":"https:\/\/linitiative.ca\/International\/equipe-dalgerie-belmadi-pour-les-nouveaux-je-ne-compte-pas-les-mettre-en-difficulte-des-le-debut-en-afrique\/","title":{"rendered":"Equipe d&rsquo;Alg\u00e9rie : Belmadi : \u00abPour les nouveaux, je ne compte pas les mettre en difficult\u00e9 d\u00e8s le d\u00e9but en Afrique\u00bb"},"content":{"rendered":"<div readability=\"32\">\n<p>Auteur : <span class=\"time\">mardi 23 mars 2021 14:38<\/span><\/p>\n<\/div>\n<div id=\"post_core\" readability=\"44\">\n<p>Pour ce match face \u00e0 la Zambie, le s\u00e9lectionneur national, Djamel Belmadi n\u2019a pas\u00a0 l&rsquo;intention d\u2019incorporer les nouveaux s\u00e9lectionn\u00e9s tels qu\u2019Ahmed Touba, Naoufel Khacef et Ramiz Zerrouki\u00a0:\u00a0\u00abJe compte faire jouer le maximum de joueurs contre la Zambie et le Botswana. Pour les nouveaux (Touba, Khacef, et Zerrouki, ndlr), je ne compte pas les mettre en difficult\u00e9 d\u00e8s le d\u00e9but en Afrique, on va attendre\u00a0 qu&rsquo;on revienne en Alg\u00e9rie. Ils ont une carte personnelle \u00e0 jouer. Arriver en \u00e9quipe nationale n&rsquo;est pas une fin en soit, il faut montrer qu&rsquo;on est capable de jouer.\u00bb<\/p>\n<p><strong>Publi\u00e9 dans :<\/strong> <span>Belmadi<\/span><\/p>\n<\/div>\n<p>Auteur:<br \/>\n<a href=\"http:\/\/www.lebuteur.com\/article\/detail?titre=belmadi-pour-les-nouveaux-je-ne-compte-pas-les-mettre-en-difficulte-des-le-debut-en-afrique&#038;id=99493&#038;utm_source=feedburner&#038;utm_medium=feed&#038;utm_campaign=Feed%3A+GalerieFArtciles+%28Les+derniers+articles++-+lebuteur.com%29\">Cliquez ici pour lire l&rsquo;article depuis sa source.<\/a><\/p>\n","protected":false},"excerpt":{"rendered":"<p>Auteur : mardi 23 mars 2021 14:38 Pour ce match face \u00e0 la Zambie, le s\u00e9lectionneur national, Djamel Belmadi n\u2019a pas\u00a0 l&rsquo;intention d\u2019incorporer les nouveaux s\u00e9lectionn\u00e9s tels qu\u2019Ahmed Touba, Naoufel Khacef et Ramiz Zerrouki\u00a0:\u00a0\u00abJe compte faire jouer le maximum de joueurs contre la Zambie et le Botswana. Pour les nouveaux (Touba, Khacef, et Zerrouki, ndlr), [&hellip;]<\/p>\n","protected":false},"author":1738,"featured_media":0,"comment_status":"closed","ping_status":"closed","sticky":false,"template":"","format":"standard","meta":{"fifu_image_url":"\/\/cdn.lebuteur.com\/data\/images\/article\/thumbs\/large-belmadi-pour-les-nouveaux-je-ne-compte-pas-les-mettre-en-difficulte-des-le-debut-en-afrique-f714e.jpg","fifu_image_alt":"Equipe d'Alg\u00e9rie : Belmadi : \u00abPour les nouveaux, je ne compte pas les mettre en difficult\u00e9 d\u00e8s le d\u00e9but en Afrique\u00bb","footnotes":""},"categories":[53,75],"tags":[],"class_list":["post-113584","post","type-post","status-publish","format-standard","hentry","category-algerie","category-sport"],"_links":{"self":[{"href":"https:\/\/linitiative.ca\/International\/wp-json\/wp\/v2\/posts\/113584","targetHints":{"allow":["GET"]}}],"collection":[{"href":"https:\/\/linitiative.ca\/International\/wp-json\/wp\/v2\/posts"}],"about":[{"href":"https:\/\/linitiative.ca\/International\/wp-json\/wp\/v2\/types\/post"}],"author":[{"embeddable":true,"href":"https:\/\/linitiative.ca\/International\/wp-json\/wp\/v2\/users\/1738"}],"replies":[{"embeddable":true,"href":"https:\/\/linitiative.ca\/International\/wp-json\/wp\/v2\/comments?post=113584"}],"version-history":[{"count":0,"href":"https:\/\/linitiative.ca\/International\/wp-json\/wp\/v2\/posts\/113584\/revisions"}],"wp:attachment":[{"href":"https:\/\/linitiative.ca\/International\/wp-json\/wp\/v2\/media?parent=113584"}],"wp:term":[{"taxonomy":"category","embeddable":true,"href":"https:\/\/linitiative.ca\/International\/wp-json\/wp\/v2\/categories?post=113584"},{"taxonomy":"post_tag","embeddable":true,"href":"https:\/\/linitiative.ca\/International\/wp-json\/wp\/v2\/tags?post=113584"}],"curies":[{"name":"wp","href":"https:\/\/api.w.org\/{rel}","templated":true}]}}