{"id":113585,"date":"2021-03-23T15:14:19","date_gmt":"2021-03-23T19:14:19","guid":{"rendered":"https:\/\/linitiative.ca\/International\/equipe-dalgerie-belmadi-le-match-face-a-la-zambie-est-loin-detre-sans-enjeu\/"},"modified":"2021-03-23T15:14:19","modified_gmt":"2021-03-23T19:14:19","slug":"equipe-dalgerie-belmadi-le-match-face-a-la-zambie-est-loin-detre-sans-enjeu","status":"publish","type":"post","link":"https:\/\/linitiative.ca\/International\/equipe-dalgerie-belmadi-le-match-face-a-la-zambie-est-loin-detre-sans-enjeu\/","title":{"rendered":"Equipe d&rsquo;Alg\u00e9rie : Belmadi : \u00abLe match face \u00e0 la Zambie est loin d&rsquo;\u00eatre sans enjeu\u00bb"},"content":{"rendered":"<div readability=\"32\">\n<p>Auteur : <span class=\"time\">mardi 23 mars 2021 14:39<\/span><\/p>\n<\/div>\n<div id=\"post_core\" readability=\"47\">\n<p>Le s\u00e9lectionneur national, Djamel Belmad s\u2019est exprim\u00e9 sur le prochain match des Verts face \u00e0 la Zambie comptant pour la 5\u00e8me journ\u00e9e des \u00e9liminatoires de la CAN 2022\u00a0:\u00a0\u00abLe match face \u00e0 la Zambie, dans le cadre de la 5e journ\u00e9e des\u00a0 qualifications de la CAN2022, est important. Il est loin d&rsquo;\u00eatre sans enjeu.\u00bb a-t-il d\u00e9clar\u00e9, avant d\u2019ajouter\u00a0:\u00a0\u00abC&rsquo;est un sc\u00e9nario qui me convient, dans la\u00a0 mesure o\u00f9 dans deux mois nous allons nous d\u00e9placer au Burkina Faso, dans le cadre des \u00e9liminatoires de la Coupe du monde 2022. C&rsquo;est une tr\u00e8s bonne pr\u00e9paration\u00a0 dans ce qui va nous attend dans deux mois. Cette rencontre est, aussi, important \u00a0par \u00e0 rapport \u00e0 certains joueurs, qui n&rsquo;ont jamais jou\u00e9 sous ma coupe. Il y a des \u00e9l\u00e9ments qui n&rsquo;ont\u00a0 pas jou\u00e9 depuis longtemps, ils auront la possibilit\u00e9 de le faire dans ces conditions-l\u00e0 et de marquer des points ou non. Pour les nouveaux joueurs, j&rsquo;ai suivi leurs prestations avec leurs clubs, chose qui m&rsquo;a pouss\u00e9 \u00e0 les convoquer.\u00bb<\/p>\n<p><strong>Publi\u00e9 dans :<\/strong> <span>Belmadi<\/span><\/p>\n<\/div>\n<p>Auteur:<br \/>\n<a href=\"http:\/\/www.lebuteur.com\/article\/detail?titre=belmadi-le-match-face-a-la-zambie-est-loin-detre-sans-enjeu&#038;id=99494&#038;utm_source=feedburner&#038;utm_medium=feed&#038;utm_campaign=Feed%3A+GalerieFArtciles+%28Les+derniers+articles++-+lebuteur.com%29\">Cliquez ici pour lire l&rsquo;article depuis sa source.<\/a><\/p>\n","protected":false},"excerpt":{"rendered":"<p>Auteur : mardi 23 mars 2021 14:39 Le s\u00e9lectionneur national, Djamel Belmad s\u2019est exprim\u00e9 sur le prochain match des Verts face \u00e0 la Zambie comptant pour la 5\u00e8me journ\u00e9e des \u00e9liminatoires de la CAN 2022\u00a0:\u00a0\u00abLe match face \u00e0 la Zambie, dans le cadre de la 5e journ\u00e9e des\u00a0 qualifications de la CAN2022, est important. Il [&hellip;]<\/p>\n","protected":false},"author":1738,"featured_media":0,"comment_status":"closed","ping_status":"closed","sticky":false,"template":"","format":"standard","meta":{"fifu_image_url":"\/\/cdn.lebuteur.com\/data\/images\/article\/thumbs\/large-belmadi-le-match-face-a-la-zambie-est-loin-detre-sans-enjeu-4839f.jpg","fifu_image_alt":"Equipe d'Alg\u00e9rie : Belmadi : \u00abLe match face \u00e0 la Zambie est loin d'\u00eatre sans enjeu\u00bb","footnotes":""},"categories":[53,75],"tags":[],"class_list":["post-113585","post","type-post","status-publish","format-standard","hentry","category-algerie","category-sport"],"_links":{"self":[{"href":"https:\/\/linitiative.ca\/International\/wp-json\/wp\/v2\/posts\/113585","targetHints":{"allow":["GET"]}}],"collection":[{"href":"https:\/\/linitiative.ca\/International\/wp-json\/wp\/v2\/posts"}],"about":[{"href":"https:\/\/linitiative.ca\/International\/wp-json\/wp\/v2\/types\/post"}],"author":[{"embeddable":true,"href":"https:\/\/linitiative.ca\/International\/wp-json\/wp\/v2\/users\/1738"}],"replies":[{"embeddable":true,"href":"https:\/\/linitiative.ca\/International\/wp-json\/wp\/v2\/comments?post=113585"}],"version-history":[{"count":0,"href":"https:\/\/linitiative.ca\/International\/wp-json\/wp\/v2\/posts\/113585\/revisions"}],"wp:attachment":[{"href":"https:\/\/linitiative.ca\/International\/wp-json\/wp\/v2\/media?parent=113585"}],"wp:term":[{"taxonomy":"category","embeddable":true,"href":"https:\/\/linitiative.ca\/International\/wp-json\/wp\/v2\/categories?post=113585"},{"taxonomy":"post_tag","embeddable":true,"href":"https:\/\/linitiative.ca\/International\/wp-json\/wp\/v2\/tags?post=113585"}],"curies":[{"name":"wp","href":"https:\/\/api.w.org\/{rel}","templated":true}]}}