{"id":113586,"date":"2021-03-23T15:14:22","date_gmt":"2021-03-23T19:14:22","guid":{"rendered":"https:\/\/linitiative.ca\/International\/pros-belmadi-ferhat-fait-une-bonne-saison-lui-et-moi-savons-pourquoi-il-nest-pas-venu\/"},"modified":"2021-03-23T15:14:22","modified_gmt":"2021-03-23T19:14:22","slug":"pros-belmadi-ferhat-fait-une-bonne-saison-lui-et-moi-savons-pourquoi-il-nest-pas-venu","status":"publish","type":"post","link":"https:\/\/linitiative.ca\/International\/pros-belmadi-ferhat-fait-une-bonne-saison-lui-et-moi-savons-pourquoi-il-nest-pas-venu\/","title":{"rendered":"Pros : Belmadi: \u00ab Ferhat fait une bonne saison, lui et moi savons pourquoi il n\u2019est pas venu \u00bb"},"content":{"rendered":"<div readability=\"32\">\n<p>Auteur : <span>Moumen A.<\/span> <span class=\"time\">mardi 23 mars 2021 18:17<\/span><\/p>\n<\/div>\n<div id=\"post_core\" readability=\"54\">\n<p>Avant son d\u00e9part\u00a0 \u00e0 Lusaka avec la s\u00e9lection nationale, l\u2019entraineur Djamel Belmadi\u00a0 s\u2019est arr\u00eat\u00e9 pour r\u00e9pondre aux questions des journalistes venus nombreux pour la couverture du d\u00e9part de l\u2019EN \u00e0 A\u00e9roport d\u2019Alger Belmadi a encore une fois rappel\u00e9 l&rsquo;importance des deux prochains matchs des \u00e9liminatoires CAN 2022 pr\u00e9vus contre la Zambie, jeudi \u00e0 Lusaka (20h000), \u00a0et le Botswana\u00a0 le 28 mars au stade Mustapha Tchaker. Concernant cette rencontre de demain Djamel dira\u00a0 \u00ab\u00a0C&rsquo;est un match important, c&rsquo;est loin d&rsquo;\u00eatre sans enjeu, dans le sens o\u00f9 c\u2019est d\u00e9j\u00e0 un match \u00e0 l&rsquo;ext\u00e9rieur contre une \u00e9quipe qui a toutes ses chances pour se qualifier\u00a0\u00bb dira s\u2019embl\u00e9e \u00a0\u00a0 \u00e0 l\u2019a\u00e9roport international d&rsquo;Alger, peu avant le d\u00e9placement de la d\u00e9l\u00e9gation alg\u00e9rienne pour Lusaka \u00e0 bord d&rsquo;un vol sp\u00e9cial.<\/p>\n<p><strong>\u00ab\u00a0Ferhat fait une bonne saison, lui et moi savons pourquoi il n\u2019est pas venu\u00a0\u00bb<\/strong><\/p>\n<p>Interpell\u00e9 au sujet de certains joueurs non convoqu\u00e9s \u00e0 l\u2019image du meilleur joueur de N\u00eemes Olympique\u00a0 Zinedine Ferhat, Djamel Belmadi a \u00e9t\u00e9 on ne peut plus clair. Refusant de r\u00e9v\u00e9ler les vraies\u00a0 raisons qui l\u2019ont pouss\u00e9 \u00e0 ne pas lui faire appel pour ce rassemblement, le coach de l\u2019Equipe nationale\u00a0 pr\u00e9cise que Zinou est bien au courant de sa non-convocation pour ce stage. Djamel ne tari pas d\u2019\u00e9loges toutefois sur la saison magnifique l\u2019ancien Usmiste r\u00e9aliser avec le club gardois en ligue 1 fran\u00e7aise \u00ab\u00a0Zinedine (Ferhat, ndlr) fait une bonne saison. Sa non convocation \u00a0rentre dans des circonstances que seuls lui et moi connaissons.\u00bb<\/p>\n<p><strong>Moumen A.<\/strong><\/p>\n<p><strong>Publi\u00e9 dans :<\/strong> <span>Ferhat Zineddine<\/span><\/p>\n<\/div>\n<p>Auteur:<br \/>\n<a href=\"http:\/\/www.lebuteur.com\/article\/detail?titre=belmadi-ferhat-fait-une-bonne-saison-lui-et-moi-savons-pourquoi-il-nest-pas-venu&#038;id=99495&#038;utm_source=feedburner&#038;utm_medium=feed&#038;utm_campaign=Feed%3A+GalerieFArtciles+%28Les+derniers+articles++-+lebuteur.com%29\">Cliquez ici pour lire l&rsquo;article depuis sa source.<\/a><\/p>\n","protected":false},"excerpt":{"rendered":"<p>Auteur : Moumen A. mardi 23 mars 2021 18:17 Avant son d\u00e9part\u00a0 \u00e0 Lusaka avec la s\u00e9lection nationale, l\u2019entraineur Djamel Belmadi\u00a0 s\u2019est arr\u00eat\u00e9 pour r\u00e9pondre aux questions des journalistes venus nombreux pour la couverture du d\u00e9part de l\u2019EN \u00e0 A\u00e9roport d\u2019Alger Belmadi a encore une fois rappel\u00e9 l&rsquo;importance des deux prochains matchs des \u00e9liminatoires CAN [&hellip;]<\/p>\n","protected":false},"author":1738,"featured_media":0,"comment_status":"closed","ping_status":"closed","sticky":false,"template":"","format":"standard","meta":{"fifu_image_url":"\/\/cdn.lebuteur.com\/data\/images\/article\/thumbs\/large-ferhat-fait-une-bonne-saison-lui-et-moi-savons-pourquoi-il-nest-pas-venu-37858.jpg","fifu_image_alt":"Pros : Belmadi: \u00ab Ferhat fait une bonne saison, lui et moi savons pourquoi il n\u2019est pas venu \u00bb","footnotes":""},"categories":[53,75],"tags":[],"class_list":["post-113586","post","type-post","status-publish","format-standard","hentry","category-algerie","category-sport"],"_links":{"self":[{"href":"https:\/\/linitiative.ca\/International\/wp-json\/wp\/v2\/posts\/113586","targetHints":{"allow":["GET"]}}],"collection":[{"href":"https:\/\/linitiative.ca\/International\/wp-json\/wp\/v2\/posts"}],"about":[{"href":"https:\/\/linitiative.ca\/International\/wp-json\/wp\/v2\/types\/post"}],"author":[{"embeddable":true,"href":"https:\/\/linitiative.ca\/International\/wp-json\/wp\/v2\/users\/1738"}],"replies":[{"embeddable":true,"href":"https:\/\/linitiative.ca\/International\/wp-json\/wp\/v2\/comments?post=113586"}],"version-history":[{"count":0,"href":"https:\/\/linitiative.ca\/International\/wp-json\/wp\/v2\/posts\/113586\/revisions"}],"wp:attachment":[{"href":"https:\/\/linitiative.ca\/International\/wp-json\/wp\/v2\/media?parent=113586"}],"wp:term":[{"taxonomy":"category","embeddable":true,"href":"https:\/\/linitiative.ca\/International\/wp-json\/wp\/v2\/categories?post=113586"},{"taxonomy":"post_tag","embeddable":true,"href":"https:\/\/linitiative.ca\/International\/wp-json\/wp\/v2\/tags?post=113586"}],"curies":[{"name":"wp","href":"https:\/\/api.w.org\/{rel}","templated":true}]}}