{"id":113590,"date":"2021-03-23T11:10:00","date_gmt":"2021-03-23T15:10:00","guid":{"rendered":"https:\/\/linitiative.ca\/International\/la-ville-en-economie-circulaire-deux-projets-tunisiens-au-coeur-de-la-93eme-reunion-du-bureau-de-laimf\/"},"modified":"2021-03-23T11:10:00","modified_gmt":"2021-03-23T15:10:00","slug":"la-ville-en-economie-circulaire-deux-projets-tunisiens-au-coeur-de-la-93eme-reunion-du-bureau-de-laimf","status":"publish","type":"post","link":"https:\/\/linitiative.ca\/International\/la-ville-en-economie-circulaire-deux-projets-tunisiens-au-coeur-de-la-93eme-reunion-du-bureau-de-laimf\/","title":{"rendered":"La ville en \u00e9conomie circulaire: Deux projets tunisiens au c\u0153ur de la 93\u00e8me r\u00e9union du bureau de l\u2019AIMF"},"content":{"rendered":"<p>L\u2019Association Internationale des Maires Francophones (AIMF) et la ville de Bordeaux ont organis\u00e9 les 22 et 23 mars 2021, un colloque international \u00e0 l&rsquo;occasion de sa 93\u00e8me r\u00e9union de son bureau portant sur \u201cLa Ville en \u00e9conomie circulaire.\u201d<br \/>Pr\u00e8s de 350 participants, Maires, repr\u00e9sentants des villes et partenaires internationaux issus d\u2019une quarantaine de pays d\u2019Afrique, d\u2019Am\u00e9rique, d\u2019Asie et d\u2019Europe, ont particip\u00e9 aux d\u00e9bats en pr\u00e9sentiel ou distanciel.<\/p>\n<p>La s\u00e9ance pl\u00e9ni\u00e8re tenue le mardi 23 mars sous la Pr\u00e9sidence de la Maire de Paris, Pr\u00e9sidente de l\u2019AIMF, la Maire de Tunis, Souad Abderrahim, vice-pr\u00e9sidente de l\u2019AIMF, et le Maire de Bordeaux, a marqu\u00e9 un engagement fort pour mettre l\u2019\u00e9conomie circulaire au c\u0153ur des coop\u00e9rations internationales entre les villes francophones. La Pr\u00e9sidente de la r\u00e9gion de Nouakchott, Fatimatou Abdel Malik et le maire de Rabat, Mohamed Sadiki se sont \u00e9galement pr\u00eat\u00e9s \u00e0 la discussion pour exposer les projets des villesfrancophones de la r\u00e9gion du Grand Maghreb.<\/p>\n<p class=\"c2\"><img decoding=\"async\" src=\"\/uploads\/FCK_files\/image004.jpg\" width=\"100%\" vspace=\"5\" hspace=\"5\" align=\"middle\" alt=\"\"\/><\/p>\n<p>Cette ann\u00e9e encore la Tunisie est pr\u00e9sente \u00e0 travers deux programmes d\u2019accompagnement: Eco&rsquo;Logic et MoodhaOkhra. Ces projets \u00e9coresponsables se sont distingu\u00e9s par leur innovation sur le volet du Design durable. Ces programmes ont \u00e9t\u00e9 expos\u00e9s pendant les travaux pr\u00e9paratoires du colloque de la ville en \u00e9conomie circulaire, organis\u00e9s en collaboration avec le r\u00e9seau des villes du Maghreb et l&rsquo;Union du Maghreb Arabe.SEM Taieb Baccouche et des repr\u00e9sentants de la soci\u00e9t\u00e9 civile de la Mauritanie, le Maroc, l&rsquo;Alg\u00e9rie, la Tunisie et la Libye ont pris part \u00e0 ces ateliers pour pr\u00eater mains fortes, orienter et t\u00e9moigner de leur soutienaux jeunes participants.<\/p>\n<p><span class=\"c3\"><strong>Eco\u2019Logic et MoodhaOkhra honor\u00e9s par le bureau de l\u2019AIMF<\/strong><\/span><\/p>\n<p>Le Maire de Rabat, M. Mohamed Sadiki \u00e9tait charg\u00e9 de pr\u00e9senter les projets initi\u00e9s par les pays francophones du Grand Maghreb et notamment en r\u00e9sumant l\u2019atelier \u201cSuivi de la COP22 de Marrakech avec les villes du Grand Maghreb\u201d.<br \/>Initi\u00e9 par l\u2019association Collectif Cr\u00e9atif, un groupement d\u2019acteurs culturels, le projet Eco\u2019Logic vise \u00e0 amorcer une dialectique autour du Design durable. Cet appel s\u2019adresse aux designers et aux cr\u00e9atifs (artisans, architectes, artistes\u2026) ainsi qu\u2019aux \u00e9tudiants en disciplines cr\u00e9atives.<\/p>\n<p>Eco&rsquo;Logic offre un espace de valorisation des projets mais \u00e9galement des maquettes et des prototypes. Il repr\u00e9sente ainsi une occasion de r\u00e9seautage avec les acteurs institutionnels, professionnels et associatifs engag\u00e9s dans les probl\u00e9matiques environnementales.<\/p>\n<p>Les axes de travail propos\u00e9s reposent sur la production artisanale \u00e9co responsable et la communication et la sensibilisation sur un mode de vie plus durable.<\/p>\n<p>Moodha Okhra est le deuxi\u00e8me programme retenu pour cette r\u00e9union. Initi\u00e9 par le Goethe-Institut et Pontalent, ce projet \u00e9ducatif autour de la mode durable et responsable en Tunisie, a donn\u00e9 naissance, en 100 jours, \u00e0 de nombreux projets \u00e9coresponsables et respectueux de l\u2019environnement.<\/p>\n<p>Moodha Okhra repr\u00e9sente une alternative pour l\u2019industrie du textile, consid\u00e9r\u00e9e comme l\u2019une des plus polluantes dans le monde.<\/p>\n<p><span class=\"c3\"><strong>Culture et vivre-ensemble : l\u2019AIMF cr\u00e9e un Prix litt\u00e9raire, attribu\u00e9 \u00e0 Dja\u00efli Amadou Amal pour Les Impatientes<\/strong><\/span><\/p>\n<p>Nouvellement cr\u00e9\u00e9, le Prix litt\u00e9raire des Maires francophones sera attribu\u00e9 chaque ann\u00e9e \u00e0 un(e) auteur(e) qui symbolise le combat pour le dialogue des cultures, l\u2019\u00e9galit\u00e9, le respect des diversit\u00e9s. La laur\u00e9ate de cette premi\u00e8re \u00e9dition est la camerounaise Dja\u00efli Amadou Amal qui porte, avec Les Impatientes, la voix des femmes du Sahel.\u00a0<\/p>\n<p><span class=\"c3\"><strong>Soci\u00e9t\u00e9 civile et d\u00e9veloppement durable au c\u0153ur des prochaines rencontres de l\u2019AIMF<\/strong><\/span><\/p>\n<p>Le Bureau a valid\u00e9 le th\u00e8me du Congr\u00e8s 2021 de l\u2019AIMF qui se tiendra \u00e0 Kigali du 19 au 21 juillet sur \u00ab Le Maire et la soci\u00e9t\u00e9 civile \u00bb. Il a \u00e9galement engag\u00e9 l\u2019organisation de deux \u00e9v\u00e9nements importants souhait\u00e9s par les villes membres : le 21 octobre \u00e0 Paris, une conf\u00e9rence sur l\u2019\u00e9conomie circulaire et la relation ville\/for\u00eat dans le bassin du Congo ; du 4 au 6 novembre \u00e0 Namur, une rencontre de haut niveau avec les Ministres francophones du num\u00e9rique.<\/p>\n<p>A l\u2019approche du renouvellement des partenariats, le Bureau de l\u2019AIMF a tenu \u00e0 remercier l&rsquo;Union europ\u00e9enne et la Fondation Bill &amp; Melinda Gates, ces deux partenaires majeurs, de leur appui depuis 2015.<\/p>\n<p>Auteur:<br \/>\n<a href=\"https:\/\/www.leaders.com.tn\/article\/31613-la-ville-en-economie-circulaire-deux-projets-tunisiens-au-coeur-de-la-93eme-reunion-du-bureau-de-l-aimf\">Cliquez ici pour lire l&rsquo;article depuis sa source.<\/a><\/p>\n","protected":false},"excerpt":{"rendered":"<p>L\u2019Association Internationale des Maires Francophones (AIMF) et la ville de Bordeaux ont organis\u00e9 les 22 et 23 mars 2021, un colloque international \u00e0 l&rsquo;occasion de sa 93\u00e8me r\u00e9union de son bureau portant sur \u201cLa Ville en \u00e9conomie circulaire.\u201dPr\u00e8s de 350 participants, Maires, repr\u00e9sentants des villes et partenaires internationaux issus d\u2019une quarantaine de pays d\u2019Afrique, d\u2019Am\u00e9rique, [&hellip;]<\/p>\n","protected":false},"author":1772,"featured_media":0,"comment_status":"closed","ping_status":"closed","sticky":false,"template":"","format":"standard","meta":{"fifu_image_url":"\/uploads\/FCK_files\/image004.jpg","fifu_image_alt":"La ville en \u00e9conomie circulaire: Deux projets tunisiens au c\u0153ur de la 93\u00e8me r\u00e9union du bureau de l\u2019AIMF","footnotes":""},"categories":[73,55],"tags":[],"class_list":["post-113590","post","type-post","status-publish","format-standard","hentry","category-actualite","category-tunisie"],"_links":{"self":[{"href":"https:\/\/linitiative.ca\/International\/wp-json\/wp\/v2\/posts\/113590","targetHints":{"allow":["GET"]}}],"collection":[{"href":"https:\/\/linitiative.ca\/International\/wp-json\/wp\/v2\/posts"}],"about":[{"href":"https:\/\/linitiative.ca\/International\/wp-json\/wp\/v2\/types\/post"}],"author":[{"embeddable":true,"href":"https:\/\/linitiative.ca\/International\/wp-json\/wp\/v2\/users\/1772"}],"replies":[{"embeddable":true,"href":"https:\/\/linitiative.ca\/International\/wp-json\/wp\/v2\/comments?post=113590"}],"version-history":[{"count":0,"href":"https:\/\/linitiative.ca\/International\/wp-json\/wp\/v2\/posts\/113590\/revisions"}],"wp:attachment":[{"href":"https:\/\/linitiative.ca\/International\/wp-json\/wp\/v2\/media?parent=113590"}],"wp:term":[{"taxonomy":"category","embeddable":true,"href":"https:\/\/linitiative.ca\/International\/wp-json\/wp\/v2\/categories?post=113590"},{"taxonomy":"post_tag","embeddable":true,"href":"https:\/\/linitiative.ca\/International\/wp-json\/wp\/v2\/tags?post=113590"}],"curies":[{"name":"wp","href":"https:\/\/api.w.org\/{rel}","templated":true}]}}