{"id":113592,"date":"2021-03-23T06:00:00","date_gmt":"2021-03-23T10:00:00","guid":{"rendered":"https:\/\/linitiative.ca\/International\/3-wilayas-approvisionnees-en-eau-potable-a-partir-de-chott-gharbi\/"},"modified":"2021-03-23T06:00:00","modified_gmt":"2021-03-23T10:00:00","slug":"3-wilayas-approvisionnees-en-eau-potable-a-partir-de-chott-gharbi","status":"publish","type":"post","link":"https:\/\/linitiative.ca\/International\/3-wilayas-approvisionnees-en-eau-potable-a-partir-de-chott-gharbi\/","title":{"rendered":"3 wilayas approvisionn\u00e9es en eau potable \u00e0 partir de Chott-Gharbi"},"content":{"rendered":"<p>Seize communes, deux de la wilaya de Na\u00e2ma, neuf de Sidi-Bel-Abb\u00e8s et cinq de Tlemcen, b\u00e9n\u00e9ficient du transfert des eaux du bassin hydrographique de Chott-Gharbi. Ce m\u00e9ga-projet de transfert des eaux exploit\u00e9 et mis d\u00e9finitivement en service a \u00e9t\u00e9 \u00e9valu\u00e9 \u00e0 plus de 43 milliards de DA.<br \/>Son d\u00e9bit de pr\u00e8s de 1 600 litres\/seconde (soit 110 000 m3\/jour ; 40 millions m3 par an) permettra d\u2019approvisionner un grand nombre de communes des trois wilayas avec une capacit\u00e9 de 13 750 m3\/an, soit une mobilit\u00e9 de 40 millions de m3, sur une r\u00e9alisation d\u2019un r\u00e9seau de 652 km de conduites d\u2019adduction ;<br \/>9 stations de pompage ; et 28 r\u00e9servoirs d\u2019une capacit\u00e9 de stockage variant entre 350 et<br \/>5 000 m3. Une partie des eaux servira \u00e0 l\u2019irrigation de plus de 6 150 hectares de terres agricoles (c\u00e9r\u00e9aculture et arboriculture), sans oublier la r\u00e9alisation de six points d\u2019abreuvoirs pour le cheptel de la wilaya de Na\u00e2ma.<br \/>Notons, enfin, que les communes aliment\u00e9es par la nappe phr\u00e9atique de Chott-Gharbi sont Mekmen-Benamar, Kasdir (Na\u00e2ma) ; Ras-el-Ma, Redjem-Demouche, Oued-Seba\u00e2, Bir-Lahmam, Hakiba, Sliss\u00e8ne, Chetouane et Benbadis (sud-ouest de Sidi-Belabb\u00e8s) ; Sebdou, El Aricha, Sidi-Djillali, El-Gor et Bouihi (sud de la wilaya de Tlemcen).<br \/>B. Henine<\/p>\n<p>Auteur:<br \/>\n<a href=\"https:\/\/www.lesoirdalgerie.com\/regions\/3-wilayas-approvisionnees-en-eau-potable-a-partir-de-chott-gharbi-58372\">Cliquez ici pour lire l&rsquo;article depuis sa source.<\/a><\/p>\n","protected":false},"excerpt":{"rendered":"<p>Seize communes, deux de la wilaya de Na\u00e2ma, neuf de Sidi-Bel-Abb\u00e8s et cinq de Tlemcen, b\u00e9n\u00e9ficient du transfert des eaux du bassin hydrographique de Chott-Gharbi. Ce m\u00e9ga-projet de transfert des eaux exploit\u00e9 et mis d\u00e9finitivement en service a \u00e9t\u00e9 \u00e9valu\u00e9 \u00e0 plus de 43 milliards de DA.Son d\u00e9bit de pr\u00e8s de 1 600 litres\/seconde (soit [&hellip;]<\/p>\n","protected":false},"author":1741,"featured_media":0,"comment_status":"closed","ping_status":"closed","sticky":false,"template":"","format":"standard","meta":{"fifu_image_url":"","fifu_image_alt":"","footnotes":""},"categories":[73,53],"tags":[],"class_list":["post-113592","post","type-post","status-publish","format-standard","hentry","category-actualite","category-algerie"],"_links":{"self":[{"href":"https:\/\/linitiative.ca\/International\/wp-json\/wp\/v2\/posts\/113592","targetHints":{"allow":["GET"]}}],"collection":[{"href":"https:\/\/linitiative.ca\/International\/wp-json\/wp\/v2\/posts"}],"about":[{"href":"https:\/\/linitiative.ca\/International\/wp-json\/wp\/v2\/types\/post"}],"author":[{"embeddable":true,"href":"https:\/\/linitiative.ca\/International\/wp-json\/wp\/v2\/users\/1741"}],"replies":[{"embeddable":true,"href":"https:\/\/linitiative.ca\/International\/wp-json\/wp\/v2\/comments?post=113592"}],"version-history":[{"count":0,"href":"https:\/\/linitiative.ca\/International\/wp-json\/wp\/v2\/posts\/113592\/revisions"}],"wp:attachment":[{"href":"https:\/\/linitiative.ca\/International\/wp-json\/wp\/v2\/media?parent=113592"}],"wp:term":[{"taxonomy":"category","embeddable":true,"href":"https:\/\/linitiative.ca\/International\/wp-json\/wp\/v2\/categories?post=113592"},{"taxonomy":"post_tag","embeddable":true,"href":"https:\/\/linitiative.ca\/International\/wp-json\/wp\/v2\/tags?post=113592"}],"curies":[{"name":"wp","href":"https:\/\/api.w.org\/{rel}","templated":true}]}}