{"id":113593,"date":"2021-03-23T06:00:00","date_gmt":"2021-03-23T10:00:00","guid":{"rendered":"https:\/\/linitiative.ca\/International\/de-nouvelles-structures-educatives-au-programme-2021\/"},"modified":"2021-03-23T06:00:00","modified_gmt":"2021-03-23T10:00:00","slug":"de-nouvelles-structures-educatives-au-programme-2021","status":"publish","type":"post","link":"https:\/\/linitiative.ca\/International\/de-nouvelles-structures-educatives-au-programme-2021\/","title":{"rendered":"De nouvelles structures \u00e9ducatives au programme 2021"},"content":{"rendered":"<p>De nombreux projets de r\u00e9alisation de nouvelles structures scolaires sont pr\u00e9vus au titre du programme de l\u2019ann\u00e9e 2021 \u00e0 savoir deux CEM, un lyc\u00e9e, deux \u00e9coles primaires et un r\u00e9seau de cantines scolaires et de demi-pensions pour l\u2019exercice en cours.<br \/>Le directeur de la programmation \u00e0 la Direction de l\u2019\u00e9ducation, a r\u00e9v\u00e9l\u00e9 que le secteur a retenu pour cette ann\u00e9e, la construction de deux coll\u00e8ges, l\u2019un dans la commune de Grarem-Gouga, l\u2019autre dans le site int\u00e9gr\u00e9 (site immobilier AADL) de Chelghoum-La\u00efd.<br \/>Pour l\u2019enseignement secondaire, on pr\u00e9voit la r\u00e9alisation d\u2019un lyc\u00e9e \u00e0 Grarem-Gouga et d\u2019une demi-pension au lyc\u00e9e Mohammed-Benda de la commune de Ba\u00efnan. S\u2019agissant des nouvelles structures attendues dans le palier du primaire, deux \u00e9coles sont pr\u00e9vues.<br \/>Celles-ci concernent respectivement Tassadane-Haddada et le site int\u00e9gr\u00e9 de Chelghoum-La\u00efd. Concernant les structures d\u2019appoint, autrement dit celles r\u00e9serv\u00e9es \u00e0 la restauration des \u00e9l\u00e8ves, notre interlocuteur \u00e9voque la construction, cette ann\u00e9e, d\u2019un ensemble de 4 demi-pensions et de 2 cantines scolaires.<br \/>En plus de la demi-pension, mentionn\u00e9e plus haut, pr\u00e9vue au lyc\u00e9e de la commune de Ba\u00efnan, le secteur compte doter 3 CEM et 2 \u00e9coles primaires de structures de restauration. Les coll\u00e8ges b\u00e9n\u00e9ficiaires des demi-pensions en question sont ceux des communes de A\u00efn-el-Be\u00efda-Hrich, de Bled-Youcef et de Mechta-Guidiri de Rajas.<br \/>Quant aux cantines scolaires, elles sont pr\u00e9vues au niveau des \u00e9coles des communes de Zegha\u00efa et de Benyahia-Abderrahmane, souligne notre source qui affirme, par ailleurs, que toutes ces structures seront mises en service \u00e0 la rentr\u00e9e scolaire de 2022.<br \/>Kamel Bouabdellah<\/p>\n<p><strong>2 \u00e9levages avicoles partis en fum\u00e9e \u00e0 Oued-Athmania<\/strong><br \/>Deux \u00e9levages de poulets de chair ont \u00e9t\u00e9 calcin\u00e9s par les flammes, samedi en d\u00e9but de soir\u00e9e, \u00e0 Oued-Athmania, au sud de Mila, avons-nous appris de la Protection civile. L\u2019incendie, dont l\u2019origine reste inconnue, s\u2019est d\u00e9clar\u00e9 dans ces \u00e9levages avicoles situ\u00e9s \u00e0 mecheta-Boumalek, vers 16h 30, calcinant plus de 3000 poussins de chair, pr\u00e9cise notre source. Le feu a \u00e9galement d\u00e9truit des dizaines de bottes de paille entass\u00e9es au m\u00eame endroit. La c\u00e9l\u00e9rit\u00e9 d\u2019intervention des pompiers a emp\u00each\u00e9 les flammes de s\u2019\u00e9tendre \u00e0 un \u00e9levage bovin mitoyen, indique-t-on de m\u00eame source. Une enqu\u00eate a \u00e9t\u00e9 ouverte pour faire la lumi\u00e8re sur ce sinistre.<br \/>K. B.<\/p>\n<p>Auteur:<br \/>\n<a href=\"https:\/\/www.lesoirdalgerie.com\/regions\/de-nouvelles-structures-educatives-au-programme-2021-58371\">Cliquez ici pour lire l&rsquo;article depuis sa source.<\/a><\/p>\n","protected":false},"excerpt":{"rendered":"<p>De nombreux projets de r\u00e9alisation de nouvelles structures scolaires sont pr\u00e9vus au titre du programme de l\u2019ann\u00e9e 2021 \u00e0 savoir deux CEM, un lyc\u00e9e, deux \u00e9coles primaires et un r\u00e9seau de cantines scolaires et de demi-pensions pour l\u2019exercice en cours.Le directeur de la programmation \u00e0 la Direction de l\u2019\u00e9ducation, a r\u00e9v\u00e9l\u00e9 que le secteur a [&hellip;]<\/p>\n","protected":false},"author":1741,"featured_media":0,"comment_status":"closed","ping_status":"closed","sticky":false,"template":"","format":"standard","meta":{"fifu_image_url":"","fifu_image_alt":"","footnotes":""},"categories":[73,53],"tags":[],"class_list":["post-113593","post","type-post","status-publish","format-standard","hentry","category-actualite","category-algerie"],"_links":{"self":[{"href":"https:\/\/linitiative.ca\/International\/wp-json\/wp\/v2\/posts\/113593","targetHints":{"allow":["GET"]}}],"collection":[{"href":"https:\/\/linitiative.ca\/International\/wp-json\/wp\/v2\/posts"}],"about":[{"href":"https:\/\/linitiative.ca\/International\/wp-json\/wp\/v2\/types\/post"}],"author":[{"embeddable":true,"href":"https:\/\/linitiative.ca\/International\/wp-json\/wp\/v2\/users\/1741"}],"replies":[{"embeddable":true,"href":"https:\/\/linitiative.ca\/International\/wp-json\/wp\/v2\/comments?post=113593"}],"version-history":[{"count":0,"href":"https:\/\/linitiative.ca\/International\/wp-json\/wp\/v2\/posts\/113593\/revisions"}],"wp:attachment":[{"href":"https:\/\/linitiative.ca\/International\/wp-json\/wp\/v2\/media?parent=113593"}],"wp:term":[{"taxonomy":"category","embeddable":true,"href":"https:\/\/linitiative.ca\/International\/wp-json\/wp\/v2\/categories?post=113593"},{"taxonomy":"post_tag","embeddable":true,"href":"https:\/\/linitiative.ca\/International\/wp-json\/wp\/v2\/tags?post=113593"}],"curies":[{"name":"wp","href":"https:\/\/api.w.org\/{rel}","templated":true}]}}