{"id":113594,"date":"2021-03-23T06:00:00","date_gmt":"2021-03-23T10:00:00","guid":{"rendered":"https:\/\/linitiative.ca\/International\/colere-des-sinistres-et-des-elus-locaux\/"},"modified":"2021-03-23T06:00:00","modified_gmt":"2021-03-23T10:00:00","slug":"colere-des-sinistres-et-des-elus-locaux","status":"publish","type":"post","link":"https:\/\/linitiative.ca\/International\/colere-des-sinistres-et-des-elus-locaux\/","title":{"rendered":"Col\u00e8re des sinistr\u00e9s et des \u00e9lus locaux"},"content":{"rendered":"<p>La col\u00e8re ne cesse d\u2019enfler chez les \u00e9lus locaux et les sinistr\u00e9s touch\u00e9s par le s\u00e9isme du 18 mars dernier, face \u00e0 ce qui est qualifi\u00e9 de \u00ab laxisme \u00bb des autorit\u00e9s concern\u00e9es dans l\u2019organisation des secours.<br \/>Cinq jours apr\u00e8s le puissant tremblement de terre qui a frapp\u00e9 B\u00e9ja\u00efa, jeudi pass\u00e9, \u00e0 1h04, provoquant d\u2019\u00e9normes d\u00e9g\u00e2ts mat\u00e9riels, les familles sinistr\u00e9es se sentent totalement abandonn\u00e9es par les autorit\u00e9s \u00e0 leur t\u00eate le wali et le P\/APC de B\u00e9ja\u00efa, \u00ab incapables de g\u00e9rer les cons\u00e9quences du s\u00e9isme \u00bb .<br \/>Les sinistr\u00e9s habitant le vieux b\u00e2ti dans la haute ville ont cri\u00e9 une nouvelle fois leur col\u00e8re ce lundi en proc\u00e9dant \u00e0 la fermeture de la route. \u00ab Une d\u00e9l\u00e9gation de cinq ministres s\u2019est d\u00e9plac\u00e9e \u00e0 B\u00e9ja\u00efa mais depuis le jour de leur visite aucune action n\u2019a \u00e9t\u00e9 organis\u00e9e pour le relogement des familles dont les habitations sont durement affect\u00e9es \u00bb, se plaignent les protestataires.<br \/>La majorit\u00e9 des \u00e9lus \u00e0 l\u2019APC de B\u00e9ja\u00efa ont \u00e9galement tenu un rassemblement dans la matin\u00e9e de ce lundi devant le si\u00e8ge de la Wilaya pour demander \u00e0 la premi\u00e8re autorit\u00e9 de l\u2019administration locale des mesures urgentes. \u00ab Nous avons d\u00e9j\u00e0 r\u00e9clam\u00e9 une premi\u00e8re fois une session extraordinaire pour d\u00e9battre de la situation qui pr\u00e9valait dans notre commune suite \u00e0 la crise sanitaire mais sans suite. Apr\u00e8s la terrible secousse qui a \u00e9branl\u00e9 la r\u00e9gion, nous avons une nouvelle fois demand\u00e9 la convocation d\u2019une assembl\u00e9e g\u00e9n\u00e9rale des \u00e9lus de la commune pour envisager les secours des sinistr\u00e9s mais le maire et son ex\u00e9cutif sont rest\u00e9s sourds \u00e0 notre appel. Notre APC dispose des moyens financiers appropri\u00e9s pour faire face \u00e0 la situation \u00bb, a d\u00e9clar\u00e9 Boualem Chouali, l\u2019un des \u00e9lus contestataires. Dans leur d\u00e9claration sign\u00e9e par 19 \u00e9lus sur les 31 que compte l\u2019APC de B\u00e9ja\u00efa FFS (6), Ensemble pour B\u00e9ja\u00efa (7), RCD (3), Debout B\u00e9ja\u00efa (3), ils ont tir\u00e9 \u00e0 boulets rouges sur le P\/APC et le wali devant \u00ab la lenteur des secours \u00e0 une population sinistr\u00e9e livr\u00e9e d\u00e9sormais \u00e0 elle-m\u00eame \u00bb, fait-on constater. \u00ab Au lieu d&rsquo;appeler en urgence \u00e0 la tenue d&rsquo;une assembl\u00e9e populaire communale extraordinaire dans l&rsquo;heure qui a suivi le s\u00e9isme, le pr\u00e9sident de l&rsquo;APC par int\u00e9rim s&rsquo;est content\u00e9, dans la journ\u00e9e du jeudi, d&rsquo;une sortie \u2018\u2019selfie\u2019\u2019, obligeant les \u00e9lus \u00e0 des actions isol\u00e9es, discr\u00e9ditant toute l&rsquo;assembl\u00e9e aupr\u00e8s de notre population \u00bb notent les \u00e9lus signataires de la d\u00e9claration tout en reprochant au P\/APC par int\u00e9rim l\u2019absence d\u2019initiatives s\u00e9rieuses dans la prise en charge des sinistr\u00e9s. \u00ab Au lieu de rassurer nos concitoyens par des mesures d&rsquo;urgence, le pr\u00e9sident de l&rsquo;APC par int\u00e9rim, toute honte bue, n&rsquo;a pas trouv\u00e9 mieux que la loge des agents de s\u00e9curit\u00e9 du si\u00e8ge de la commune pour une aussi s\u00e9rieuse et importante op\u00e9ration portant recensement des sinistr\u00e9s \u00bb, regrettent les m\u00eames \u00e9lus dans leur document.<br \/>Le chef de l\u2019ex\u00e9cutif a \u00e9t\u00e9 aussi s\u00e9v\u00e8rement vilipend\u00e9 par la majorit\u00e9 des \u00e9lus . \u00ab Le wali a brill\u00e9 par son absence la nuit du s\u00e9isme, il n&rsquo;a pas \u00e9t\u00e9 rassurant en r\u00e9it\u00e9rant les promesses d\u00e9j\u00e0 faites par les services techniques (CTC), au moment o\u00f9 nos chers concitoyens attendent des mesures d&rsquo;urgence notamment le relogement imm\u00e9diat des familles sinistr\u00e9es \u00bb, a-t-on d\u00e9nonc\u00e9. \u00ab Alors que cette catastrophe a d\u00e9montr\u00e9 toute la d\u00e9faillance de l\u2019\u00c9tat en mati\u00e8re de politique de logement social \u00e0 B\u00e9ja\u00efa qui n\u2019a b\u00e9n\u00e9fici\u00e9 d\u2019aucune distribution depuis deux d\u00e9cennies, de l\u2019arr\u00eat des diff\u00e9rents dispositifs de r\u00e9alisation de logements et de l\u2019existence de logements en \u00e9tat d\u2019abandon. Comme une montagne qui accouche d\u2019une souris, la forte d\u00e9l\u00e9gation minist\u00e9rielle d\u00e9p\u00each\u00e9e n\u2019a pas \u00e9t\u00e9 \u00e0 la hauteur des attentes et des esp\u00e9rances des citoyens traumatis\u00e9s par ce sinistre \u00bb, poursuit la majorit\u00e9 des \u00e9lus \u00e0 l\u2019APC de B\u00e9ja\u00efa dans sa d\u00e9claration demandant au m\u00eame wali \u00ab en urgence, avant qu&rsquo;il ne soit trop tard, avant d&rsquo;avoir sur notre conscience des victimes du plateau Amimoun, de Bab Elouz, de Tamindjout et des autres quartiers sinistr\u00e9s, de lib\u00e9rer les logements inoccup\u00e9s pour proc\u00e9der \u00e0 leur relogement \u00bb. Il s\u2019agit, selon les \u00e9lus de la majorit\u00e9 \u00e0 l\u2019APC de B\u00e9ja\u00efa des logements RHP abandonn\u00e9s de la cit\u00e9 Oued-Romane, des logements inoccup\u00e9s de la cit\u00e9 Zedma, de la cit\u00e9 200 logements Ihaddaden, de Sidi Ali Lebher et de la cit\u00e9 Edimco et aussi de proc\u00e9der \u00e0 la distribution de logements des p\u00f4les d&rsquo;Ighzer-Ouzarif et de Sidi-Boudrahem. Les m\u00eames \u00e9lus ont appel\u00e9 le secr\u00e9taire g\u00e9n\u00e9ral, les divisionnaires techniques et administratifs, les directeurs ex\u00e9cutifs \u00e0 la tenue d&rsquo;une assembl\u00e9e populaire communale extraordinaire le mardi 23 mars 2021 \u00e0 10h au si\u00e8ge, rue Si-el-Houes pour examiner \u00ab les mesures d&rsquo;urgence de relogement des familles sinistr\u00e9es devant l&rsquo;irresponsabilit\u00e9, la l\u00e9thargie, le laxisme et le mutisme av\u00e9r\u00e9s du pr\u00e9sident par int\u00e9rim \u00bb.<br \/>A. Kersani<\/p>\n<p>Pour cause de d\u00e9g\u00e2ts occasionn\u00e9s par le s\u00e9isme<br \/><strong>La reprise des cours report\u00e9e d\u2019une semaine dans 22 \u00e9coles<\/strong><br \/>La reprise des cours pr\u00e9vue initialement pour le dimanche dernier apr\u00e8s une semaine de vacances, a \u00e9t\u00e9 report\u00e9e au 28 mars prochain dans 22 \u00e9tablissements scolaires des trois paliers durement touch\u00e9s par le violent s\u00e9isme de jeudi pass\u00e9. Selon le directeur de l\u2019\u00e9ducation de B\u00e9ja\u00efa, la d\u00e9cision est motiv\u00e9e par le diagnostic \u00e9tabli par les services du CTC. D\u2019apr\u00e8s le m\u00eame responsable, les entreprises charg\u00e9es des travaux de r\u00e9fection entam\u00e9s dimanche ont \u00e9t\u00e9 instruites pour la livraison des \u00e9tablissements scolaires affect\u00e9s avant la date de reprise programm\u00e9e pour le dimanche prochain. Il convient de signaler que sur les 22 infrastructures scolaires affect\u00e9es, neuf \u00e9tablissements se trouvent \u00e0 l\u2019int\u00e9rieur de la wilaya de B\u00e9ja\u00efa dans les municipalit\u00e9s de Kendira, Toudja, Boukhelifa, Fena\u00ef, Aokas, Timezrit, Tala Hamza et Ferraoun.<br \/>A. K.<\/p>\n<p><strong>Cr\u00e9ation d\u2019une annexe du Craag<\/strong><br \/>En d\u00e9placement \u00e0 B\u00e9ja\u00efa, dimanche, accompagn\u00e9 de son staff technique, pour r\u00e9pondre aux inqui\u00e9tudes de la population fortement traumatis\u00e9e par le violent s\u00e9isme de jeudi pass\u00e9, le directeur g\u00e9n\u00e9ral du Centre de recherche en astronomie, astrophysique et g\u00e9ophysique (Craag), Abdelkarim Yell\u00e8s Chaouche a annonc\u00e9 la cr\u00e9ation prochaine d\u2019une annexe du Craag. Cette d\u00e9cision intervient suite \u00e0 la proposition du wali de B\u00e9ja\u00efa qui s\u2019est engag\u00e9 \u00e0 mettre tous les moyens n\u00e9cessaires pour l\u2019installation et le fonctionnement de ladite annexe dans la wilaya en \u00e9troite collaboration avec l\u2019universit\u00e9 de B\u00e9ja\u00efa.<br \/>A. K.<\/p>\n<p>Auteur:<br \/>\n<a href=\"https:\/\/www.lesoirdalgerie.com\/regions\/colere-des-sinistres-et-des-elus-locaux-58370\">Cliquez ici pour lire l&rsquo;article depuis sa source.<\/a><\/p>\n","protected":false},"excerpt":{"rendered":"<p>La col\u00e8re ne cesse d\u2019enfler chez les \u00e9lus locaux et les sinistr\u00e9s touch\u00e9s par le s\u00e9isme du 18 mars dernier, face \u00e0 ce qui est qualifi\u00e9 de \u00ab laxisme \u00bb des autorit\u00e9s concern\u00e9es dans l\u2019organisation des secours.Cinq jours apr\u00e8s le puissant tremblement de terre qui a frapp\u00e9 B\u00e9ja\u00efa, jeudi pass\u00e9, \u00e0 1h04, provoquant d\u2019\u00e9normes d\u00e9g\u00e2ts [&hellip;]<\/p>\n","protected":false},"author":1741,"featured_media":0,"comment_status":"closed","ping_status":"closed","sticky":false,"template":"","format":"standard","meta":{"fifu_image_url":"","fifu_image_alt":"","footnotes":""},"categories":[73,53],"tags":[],"class_list":["post-113594","post","type-post","status-publish","format-standard","hentry","category-actualite","category-algerie"],"_links":{"self":[{"href":"https:\/\/linitiative.ca\/International\/wp-json\/wp\/v2\/posts\/113594","targetHints":{"allow":["GET"]}}],"collection":[{"href":"https:\/\/linitiative.ca\/International\/wp-json\/wp\/v2\/posts"}],"about":[{"href":"https:\/\/linitiative.ca\/International\/wp-json\/wp\/v2\/types\/post"}],"author":[{"embeddable":true,"href":"https:\/\/linitiative.ca\/International\/wp-json\/wp\/v2\/users\/1741"}],"replies":[{"embeddable":true,"href":"https:\/\/linitiative.ca\/International\/wp-json\/wp\/v2\/comments?post=113594"}],"version-history":[{"count":0,"href":"https:\/\/linitiative.ca\/International\/wp-json\/wp\/v2\/posts\/113594\/revisions"}],"wp:attachment":[{"href":"https:\/\/linitiative.ca\/International\/wp-json\/wp\/v2\/media?parent=113594"}],"wp:term":[{"taxonomy":"category","embeddable":true,"href":"https:\/\/linitiative.ca\/International\/wp-json\/wp\/v2\/categories?post=113594"},{"taxonomy":"post_tag","embeddable":true,"href":"https:\/\/linitiative.ca\/International\/wp-json\/wp\/v2\/tags?post=113594"}],"curies":[{"name":"wp","href":"https:\/\/api.w.org\/{rel}","templated":true}]}}