{"id":113598,"date":"2021-03-23T09:06:49","date_gmt":"2021-03-23T13:06:49","guid":{"rendered":"https:\/\/linitiative.ca\/International\/commerce-vers-la-mise-en-place-dune-plateforme-dincubation-et-dacceleration-des-startups\/"},"modified":"2021-03-23T09:06:49","modified_gmt":"2021-03-23T13:06:49","slug":"commerce-vers-la-mise-en-place-dune-plateforme-dincubation-et-dacceleration-des-startups","status":"publish","type":"post","link":"https:\/\/linitiative.ca\/International\/commerce-vers-la-mise-en-place-dune-plateforme-dincubation-et-dacceleration-des-startups\/","title":{"rendered":"Commerce : vers la mise en place d\u2019une plateforme d\u2019incubation et d\u2019acc\u00e9l\u00e9ration des startups"},"content":{"rendered":"<p><strong>Le Minist\u00e8re de l\u2019Industrie, du Commerce, de l\u2019Economie Verte et Num\u00e9rique et l\u2019Universit\u00e9 Mohammed VI Polytechnique de Benguerir (UM6P) ont sign\u00e9, le 23 mars 2021, \u00e0 Rabat, une convention de partenariat portant sur la mise en place d\u2019un incubateur et acc\u00e9l\u00e9rateur de startups dans le secteur du commerce, \u00ab Moroccan Retail Tech Builder \u00bb (MRTB).<\/strong><\/p>\n<div class=\"c10\">\n<\/div>\n<p>Il s\u2019agit d\u2019un projet qui s\u2019inscrit dans le cadre du d\u00e9ploiement du Plan de Relance du Commerce 2021-2023, qui compte parmi ses axes strat\u00e9giques la consolidation des meilleures pratiques du commerce \u00e0 travers la digitalisation, dont l\u2019importance a suscit\u00e9 une prise de conscience collective au cours de la crise sanitaire du Covid-19. On apprend que l\u2019objectif vis\u00e9 est d\u2019accompagner une centaine de porteurs de projets dans le d\u00e9veloppement de solutions digitales innovantes au profit du commerce de proximit\u00e9 qui a besoin d\u2019outils digitaux simples et accessibles lui permettant \u00e0 la fois de se moderniser et d\u2019am\u00e9liorer sa valeur ajout\u00e9e.<\/p>\n<p><strong>Lire aussi| <a href=\"https:\/\/www.challenge.ma\/ahmed-rahhou-nouveau-president-du-conseil-de-la-concurrence-179067\/\">Ahmed Rahhou, nouveau pr\u00e9sident du Conseil de la Concurrence<\/a><\/strong><\/p>\n<p>Le MRTB, financ\u00e9 conjointement par la Fondation OCP et le Minist\u00e8re de l\u2019Industrie, du Commerce et de l\u2019Economie Verte et Num\u00e9rique, sera h\u00e9berg\u00e9 au niveau de l\u2019\u00e9cosyst\u00e8me d\u2019innovation de l\u2019UM6P qui accueille une panoplie de programmes d\u2019incubation et d\u2019acc\u00e9l\u00e9ration afin de permettre aux porteurs de projet de b\u00e9n\u00e9ficier d\u2019un environnement propice \u00e0 leur d\u00e9veloppement. Dans le d\u00e9tail, cet accompagnement se fera de la phase d\u2019id\u00e9ation et de prototypage jusqu\u2019\u00e0 la phase de la mise sur le march\u00e9 et d\u2019acc\u00e9l\u00e9ration et ce, \u00e0 l\u2019horizon de 2023. \u00ab\u00a0En favorisant la diffusion de solutions digitales adapt\u00e9es aux besoins des commer\u00e7ants et consommateurs, le projet r\u00e9pond \u00e0 la n\u00e9cessit\u00e9 de promouvoir la transition digitale des professionnels du commerce en tant que levier incontournable pour la croissance et la comp\u00e9titivit\u00e9 du secteur\u00a0\u00bb, indiquent les deux parties.<\/p>\n<p><strong>Lire aussi| <a href=\"https:\/\/www.challenge.ma\/air-france-lancera-une-nouvelle-liaison-reliant-tanger-a-paris-charles-de-gaulle-des-juin-179116\/\">Air France lancera une nouvelle liaison reliant Tanger \u00e0 Paris-Charles de Gaulle d\u00e8s juin<\/a><\/strong><\/p>\n<p>\u00ab Conform\u00e9ment aux Hautes Orientations Royales d\u2019acc\u00e9l\u00e9rer la transformation digitale de l\u2019\u00e9conomie nationale, le d\u00e9veloppement d\u2019un \u00e9cosyst\u00e8me entrepreneurial innovant et dynamique dans le secteur du commerce est une priorit\u00e9 \u00bb, a soulign\u00e9 Moulay Hafid Elalamy, \u00e0 cette occasion. Selon lui, \u00e0 travers l\u2019accompagnement des entrepreneurs marocains porteurs de projets de digitalisation dans ce secteur et le renforcement de leurs capacit\u00e9s d\u2019innovation, le Maroc ambitionne mettre \u00e0 profit l\u2019outil digital au service de la croissance et de la comp\u00e9titivit\u00e9 du secteur. Pour sa part, Hicham El Habti, Pr\u00e9sident de l\u2019UM6P a fait remarquer qu\u2019au vu de l\u2019importance du secteur du commerce dans le tissu \u00e9conomique national, il est primordial de mettre \u00e0 contribution l\u2019\u00e9cosyst\u00e8me de \u00a0d\u2019accompagnement de startups de l\u2019UM6P au service de ce nouveau projet. \u00ab\u00a0A travers ce partenariat, nous confirmons notre volont\u00e9 de continuer \u00e0 accompagner les efforts des pouvoirs publics, en phase avec les priorit\u00e9s de l\u2019UM6P qui s\u2019articulent autour de l\u2019innovation, la formation et l\u2019entreprenariat \u00bb, a-t-il ajout\u00e9.<\/p>\n<p>Auteur: challenge<br \/>\n<a href=\"https:\/\/www.challenge.ma\/commerce-vers-la-mise-en-place-dune-plateforme-dincubation-et-dacceleration-des-startups-179130\/\">Cliquez ici pour lire l&rsquo;article depuis sa source.<\/a><\/p>\n","protected":false},"excerpt":{"rendered":"<p>Le Minist\u00e8re de l\u2019Industrie, du Commerce, de l\u2019Economie Verte et Num\u00e9rique et l\u2019Universit\u00e9 Mohammed VI Polytechnique de Benguerir (UM6P) ont sign\u00e9, le 23 mars 2021, \u00e0 Rabat, une convention de partenariat portant sur la mise en place d\u2019un incubateur et acc\u00e9l\u00e9rateur de startups dans le secteur du commerce, \u00ab Moroccan Retail Tech Builder \u00bb (MRTB). [&hellip;]<\/p>\n","protected":false},"author":1787,"featured_media":0,"comment_status":"closed","ping_status":"closed","sticky":false,"template":"","format":"standard","meta":{"fifu_image_url":"","fifu_image_alt":"","footnotes":""},"categories":[78,54],"tags":[],"class_list":["post-113598","post","type-post","status-publish","format-standard","hentry","category-economie","category-maroc"],"_links":{"self":[{"href":"https:\/\/linitiative.ca\/International\/wp-json\/wp\/v2\/posts\/113598","targetHints":{"allow":["GET"]}}],"collection":[{"href":"https:\/\/linitiative.ca\/International\/wp-json\/wp\/v2\/posts"}],"about":[{"href":"https:\/\/linitiative.ca\/International\/wp-json\/wp\/v2\/types\/post"}],"author":[{"embeddable":true,"href":"https:\/\/linitiative.ca\/International\/wp-json\/wp\/v2\/users\/1787"}],"replies":[{"embeddable":true,"href":"https:\/\/linitiative.ca\/International\/wp-json\/wp\/v2\/comments?post=113598"}],"version-history":[{"count":0,"href":"https:\/\/linitiative.ca\/International\/wp-json\/wp\/v2\/posts\/113598\/revisions"}],"wp:attachment":[{"href":"https:\/\/linitiative.ca\/International\/wp-json\/wp\/v2\/media?parent=113598"}],"wp:term":[{"taxonomy":"category","embeddable":true,"href":"https:\/\/linitiative.ca\/International\/wp-json\/wp\/v2\/categories?post=113598"},{"taxonomy":"post_tag","embeddable":true,"href":"https:\/\/linitiative.ca\/International\/wp-json\/wp\/v2\/tags?post=113598"}],"curies":[{"name":"wp","href":"https:\/\/api.w.org\/{rel}","templated":true}]}}