{"id":113599,"date":"2021-03-23T09:50:00","date_gmt":"2021-03-23T13:50:00","guid":{"rendered":"https:\/\/linitiative.ca\/International\/50-femmes-qui-comptent-majida-maaroufi-directrice-de-lagence-nationale-pour-le-developpement-de-laquaculture\/"},"modified":"2021-03-23T09:50:00","modified_gmt":"2021-03-23T13:50:00","slug":"50-femmes-qui-comptent-majida-maaroufi-directrice-de-lagence-nationale-pour-le-developpement-de-laquaculture","status":"publish","type":"post","link":"https:\/\/linitiative.ca\/International\/50-femmes-qui-comptent-majida-maaroufi-directrice-de-lagence-nationale-pour-le-developpement-de-laquaculture\/","title":{"rendered":"50 femmes qui comptent : Majida Ma\u00e2roufi, Directrice de l\u2019Agence nationale pour le d\u00e9veloppement de l\u2019aquaculture"},"content":{"rendered":"<p><strong>Pour nous, il ne s\u2019agit pas de c\u00e9l\u00e9brer la journ\u00e9e de la femme, comme un cadeau annuel fait \u00e0 la gent f\u00e9minine. C\u2019est plut\u00f4t l\u2019occasion de faire le point sur un combat essentiel, celui de l\u2019\u00e9mancipation de la moiti\u00e9 de la population et l\u2019\u00e9valuation de son apport aux transformations sociales, ce que l\u2019on appelle commun\u00e9ment d\u00e9veloppement et qui ne se r\u00e9sume pas aux quantifications \u00e9conomiques. Pour cela, nous avons choisi de mettre en avant un riche panel, \u00e0 travers\u00a0ces portraits repr\u00e9sentatifs de cette g\u00e9n\u00e9ration de femmes qui s\u2019assument. Un portrait \u00e0 d\u00e9couvrir : Majida Ma\u00e2roufi, Directrice de l\u2019Agence nationale pour le d\u00e9veloppement de l\u2019aquaculture<\/strong>.<\/p>\n<div class=\"c10\">\n<\/div>\n<p>Nomm\u00e9e \u00e0 la t\u00eate de l\u2019Agence nationale pour le d\u00e9veloppement de l\u2019aquaculture (ANDA) cr\u00e9\u00e9e en 2011, ce pur produit du syst\u00e8me \u00e9ducatif marocain a r\u00e9ussi \u00e0 se hisser \u00e0 force du poignet dans un domaine connu pourtant pour sa pr\u00e9dominance masculine. Pour Majida Ma\u00e2roufi, la femme marocaine a int\u00e9gr\u00e9 diff\u00e9rents domaines d\u2019activit\u00e9, m\u00eame ceux les plus improbables n\u00e9cessitant des performances physiques particuli\u00e8res.<\/p>\n<p><strong>Lire aussi|<a href=\"https:\/\/www.challenge.ma\/ahmed-rahhou-nouveau-president-du-conseil-de-la-concurrence-179067\/\">Ahmed Rahhou, nouveau pr\u00e9sident du Conseil de la Concurrence<\/a><\/strong><\/p>\n<p>\u00abElle a pu gr\u00e2ce \u00e0 cette d\u00e9termination, devenir un acteur majeur qui contribue activement dans le d\u00e9veloppement de l\u2019\u00e9conomie de notre pays\u00bb, dit-elle. N\u00e9e en 1967 dans la ville de Sefrou, elle obtient son baccalaur\u00e9at en sciences exp\u00e9rimentales en 1985 et int\u00e8gre l\u2019Institut agronomique et v\u00e9t\u00e9rinaire Hassan II (IAV) de Rabat et au terme de sa quatri\u00e8me ann\u00e9e, elle choisit contre toute attente, la sp\u00e9cialit\u00e9 halieutique pour obtenir son dipl\u00f4me d\u2019ing\u00e9nieur d\u2019Etat en \u00e9tudes halieutiques. Son dipl\u00f4me de l\u2019Institut agronomique et v\u00e9t\u00e9rinaire Hassan II en poche, elle entame sa carri\u00e8re professionnelle dans le priv\u00e9 avant d\u2019int\u00e9grer le secteur public. En effet, elle est embauch\u00e9e en qualit\u00e9 de responsable de production pendant quatre ans par une soci\u00e9t\u00e9 de pisciculture continentale sp\u00e9cialis\u00e9e dans l\u2019\u00e9levage de carpe, puis int\u00e8gre en 1996 l\u2019Institut national de recherche halieutique (INRH) \u00e0 Casablanca. Majida rejoint en 1999 le minist\u00e8re de la P\u00eache maritime au sein de la Direction des p\u00eaches maritimes et de l\u2019aquaculture o\u00f9 elle a occup\u00e9 \u00e0 partir de 2002, le poste de Chef de service de l\u2019am\u00e9nagement des p\u00eacheries, puis en 2008 celui de Chef de division de la protection des ressources halieutiques.<\/p>\n<p><strong>Lire aussi| <a href=\"https:\/\/www.challenge.ma\/vers-un-partenariat-strategique-entre-la-cgem-et-the-israeli-employers-and-business-organizations-179020\/\">Vers un partenariat strat\u00e9gique entre la CGEM et The Israeli Employers and Business Organizations<\/a><\/strong><\/p>\n<p>\u00abLa croissance et le d\u00e9veloppement de notre pays ne peut \u00eatre port\u00e9 par seulement la moiti\u00e9 de sa population, si les femmes ne rejoignent pas cette marche dans toutes les fili\u00e8res de l\u2019\u00e9conomie nationale\u00bb, souligne Majida qui tient \u00e0 pr\u00e9ciser que la cause de la femme est port\u00e9e par les hautes instances du Royaume. \u00abSM le Roi Mohammed VI que dieu l\u2019assiste, a dans sa vision clairvoyante et moderne lanc\u00e9 de multiples initiatives pour cette cause\u00bb, ajoute-t-elle.<\/p>\n<p class=\"has-background c11\">La croissance et le d\u00e9veloppement de notre pays ne peut \u00eatre port\u00e9 par seulement la moiti\u00e9 de sa population, si les femmes ne rejoignent pas cette marche dans toutes les fili\u00e8res de l\u2019\u00e9conomie nationale.<\/p>\n<p>Auteur: challenge<br \/>\n<a href=\"https:\/\/www.challenge.ma\/50-femmes-qui-comptent-majida-maaroufi-directrice-de-lagence-nationale-pour-le-developpement-de-laquaculture-178966\/\">Cliquez ici pour lire l&rsquo;article depuis sa source.<\/a><\/p>\n","protected":false},"excerpt":{"rendered":"<p>Pour nous, il ne s\u2019agit pas de c\u00e9l\u00e9brer la journ\u00e9e de la femme, comme un cadeau annuel fait \u00e0 la gent f\u00e9minine. C\u2019est plut\u00f4t l\u2019occasion de faire le point sur un combat essentiel, celui de l\u2019\u00e9mancipation de la moiti\u00e9 de la population et l\u2019\u00e9valuation de son apport aux transformations sociales, ce que l\u2019on appelle commun\u00e9ment [&hellip;]<\/p>\n","protected":false},"author":1787,"featured_media":0,"comment_status":"closed","ping_status":"closed","sticky":false,"template":"","format":"standard","meta":{"fifu_image_url":"","fifu_image_alt":"","footnotes":""},"categories":[78,54],"tags":[],"class_list":["post-113599","post","type-post","status-publish","format-standard","hentry","category-economie","category-maroc"],"_links":{"self":[{"href":"https:\/\/linitiative.ca\/International\/wp-json\/wp\/v2\/posts\/113599","targetHints":{"allow":["GET"]}}],"collection":[{"href":"https:\/\/linitiative.ca\/International\/wp-json\/wp\/v2\/posts"}],"about":[{"href":"https:\/\/linitiative.ca\/International\/wp-json\/wp\/v2\/types\/post"}],"author":[{"embeddable":true,"href":"https:\/\/linitiative.ca\/International\/wp-json\/wp\/v2\/users\/1787"}],"replies":[{"embeddable":true,"href":"https:\/\/linitiative.ca\/International\/wp-json\/wp\/v2\/comments?post=113599"}],"version-history":[{"count":0,"href":"https:\/\/linitiative.ca\/International\/wp-json\/wp\/v2\/posts\/113599\/revisions"}],"wp:attachment":[{"href":"https:\/\/linitiative.ca\/International\/wp-json\/wp\/v2\/media?parent=113599"}],"wp:term":[{"taxonomy":"category","embeddable":true,"href":"https:\/\/linitiative.ca\/International\/wp-json\/wp\/v2\/categories?post=113599"},{"taxonomy":"post_tag","embeddable":true,"href":"https:\/\/linitiative.ca\/International\/wp-json\/wp\/v2\/tags?post=113599"}],"curies":[{"name":"wp","href":"https:\/\/api.w.org\/{rel}","templated":true}]}}