{"id":113601,"date":"2021-03-23T12:43:15","date_gmt":"2021-03-23T16:43:15","guid":{"rendered":"https:\/\/linitiative.ca\/International\/audi-q5-un-restylage-et-de-nouvelles-ambitions-dans-son-segment\/"},"modified":"2021-03-23T12:43:15","modified_gmt":"2021-03-23T16:43:15","slug":"audi-q5-un-restylage-et-de-nouvelles-ambitions-dans-son-segment","status":"publish","type":"post","link":"https:\/\/linitiative.ca\/International\/audi-q5-un-restylage-et-de-nouvelles-ambitions-dans-son-segment\/","title":{"rendered":"Audi Q5 : un restylage et de nouvelles ambitions dans son segment"},"content":{"rendered":"<p><strong>Du nouveau chez Audi Maroc\u00a0qui amorce la commercialisation du Q5 facelift. De quoi permettre \u00e0 ce dernier de repartir \u00e0 l\u2019assaut du segment des SUV compacts premiums, compte tenu de ses nouveaux atouts en mati\u00e8re de style, de confort, de s\u00e9curit\u00e9 et de motorisations.<\/strong><\/p>\n<div class=\"c10\">\n<\/div>\n<p>Chez Audi Maroc, la valse des nouveaut\u00e9s se poursuit. Apr\u00e8s les Q7, A4, A5 et autres A7 Sportback qui ont fait leur apparition tout au long des six derniers mois, c\u2019est au tour du Q5 de se retrouver sur le devant de la sc\u00e8ne. Un facelift de mi-carri\u00e8re pour ce SUV premium qui constitue l\u2019un des mod\u00e8les phares d\u2019Audi Maroc.Dans le d\u00e9tail, l\u2019esth\u00e9tique de l\u2019engin a fait l\u2019objet de plusieurs attentions, comme en t\u00e9moigne sa \u00a0nouvelle signature LED qui n\u2019est pas sans rappeler celle du Q7. Aussi, calandre et bouclier avant ont \u00e9t\u00e9 redessin\u00e9s.<\/p>\n<p><strong>Lire aussi | <a href=\"https:\/\/www.challenge.ma\/air-france-lancera-une-nouvelle-liaison-reliant-tanger-a-paris-charles-de-gaulle-des-juin-179116\/\">Air France lancera une nouvelle liaison reliant Tanger \u00e0 Paris-Charles de Gaulle d\u00e8s juin<\/a><\/strong><\/p>\n<p>Pour ce qui est de l\u2019habitacle, le plus grand changement n\u2019est autre que le nouvel \u00e9cran tactile \u00abMMI touch\u00bb de 10,1 pouces, disponible de s\u00e9rie. Le conducteur peut choisir de saisir des lettres et des caract\u00e8res manuellement ou opter pour la commande vocale, cette derni\u00e8re \u00e9tant capable de comprendre un large \u00e9ventail de termes du quotidien.<\/p>\n<figure class=\"wp-block-image size-large\"><img decoding=\"async\" loading=\"lazy\" width=\"877\" height=\"657\" src=\"https:\/\/www.challenge.ma\/wp-content\/uploads\/2021\/03\/A203068_medium-877-x-657-2.jpg\" alt=\"\" class=\"wp-image-179179\" srcset=\"https:\/\/www.challenge.ma\/wp-content\/uploads\/2021\/03\/A203068_medium-877-x-657-2.jpg 877w, https:\/\/www.challenge.ma\/wp-content\/uploads\/2021\/03\/A203068_medium-877-x-657-2-300x225.jpg 300w, https:\/\/www.challenge.ma\/wp-content\/uploads\/2021\/03\/A203068_medium-877-x-657-2-768x575.jpg 768w, https:\/\/www.challenge.ma\/wp-content\/uploads\/2021\/03\/A203068_medium-877-x-657-2-360x270.jpg 360w, https:\/\/www.challenge.ma\/wp-content\/uploads\/2021\/03\/A203068_medium-877-x-657-2-750x562.jpg 750w\" sizes=\"auto, (max-width: 877px) 100vw, 877px\"\/><figcaption>Mettant l\u2019accent sur l\u2019horizontalit\u00e9, le design int\u00e9rieur donne une impression d\u2019espace et de l\u00e9g\u00e8ret\u00e9.<\/figcaption><\/figure>\n<p>Aussi, la molette qui servait pr\u00e9c\u00e9demment \u00e0 naviguer dans les diff\u00e9rents menus\u00a0du MMI a disparu. Elle laisse place \u00e0 un compartiment de rangement devant le levier de vitesse. Du c\u00f4t\u00e9 des \u00e9quipements haut de gamme, le \u00abvirtual cockpit plus\u00bb d\u2019Audi offre un \u00e9cran digital de 12,3 pouces, assorti de trois affichages diff\u00e9rents. Un \u00e9cran que le conducteur contr\u00f4le depuis le volant multifonction. \u00c0 noter qu\u2019un affichage t\u00eate haute est \u00e9galement disponible.<\/p>\n<p>Outre une belle broch\u00e8te d\u2019\u00e9quipements en tout genre, le confort des occupants demeure toujours l\u2019un des points forts de ce Q5 avec, \u00e0 l\u2019arri\u00e8re, une habitabilit\u00e9 de bonne facture, \u00e0 l\u2019image de la banquette coulissante avec dossiers ajustables. De quoi faire passer la capacit\u00e9 du coffre de 520 \u00e0 1 520 litres. Un tapis de sol pliable est fourni de s\u00e9rie, en plus du hayon qui b\u00e9n\u00e9ficie d\u2019une ouverture \u00e9lectrique. \u00a0<\/p>\n<p>Du nouveau sous le capot puisque cette version facelift s\u2019adosse, dans le Royaume, sur deux motorisations diesel, \u00e0 savoir le 30 TDI, un 2,0 litres d\u00e9livrant une puissance de 136 chevaux pour 320 Nm de couple. De quoi lui permettre de r\u00e9aliser le 0-100 km\/h en 10,7 secondes et d\u2019afficher une vitesse maximale de 195 km\/h. Un bloc qui se voit \u00e9paul\u00e9 par un autre 2,0 litres diesel, le 40 TDI qui affiche une puissance de 204 chevaux pour un couple de 400 Nm. De quoi lui permettre d\u2019ex\u00e9cuter le 0-100 km\/h en 7,6 secondes et d\u2019afficher une vitesse maximale de 222 km\/h.<\/p>\n<p><strong>Lire aussi |<\/strong> <strong><a href=\"https:\/\/www.challenge.ma\/bank-al-maghrib-maintient-son-taux-directeur-inchange-a-15-179138\/\">Bank Al-Maghrib maintient son taux directeur inchang\u00e9 \u00e0 1,5%<\/a><\/strong><\/p>\n<p>Faut-il pr\u00e9ciser que ce bloc est anim\u00e9 par une bo\u00eete de vitesses S-tronic \u00e0 sept rapports qui envoie la puissance du moteur vers la transmission int\u00e9grale quattro gr\u00e2ce \u00e0 la technologie ultra, cette derni\u00e8re contribuant \u00e9galement au rendement. \u00c0 noter que ces deux motorisations disposent d\u2019un syst\u00e8me d\u2019hybridation l\u00e9g\u00e8re de 12 volts qui contribue \u00e0 r\u00e9duire de fa\u00e7on notable la consommation de carburant.<\/p>\n<p>L\u2019Audi Q5 restyl\u00e9 est disponible dans le Royaume \u00e0 partir de 465 000 DH s\u2019agissant de la version d\u2019entr\u00e9e de gamme du 30 TDI. Il faudra d\u00e9bourser 510\u00a0000 DH pour repartir au volant de la version d\u2019attaque du 40 TDI.<\/p>\n<figure class=\"wp-block-image size-large\"><img decoding=\"async\" loading=\"lazy\" width=\"558\" height=\"373\" src=\"https:\/\/www.challenge.ma\/wp-content\/uploads\/2021\/03\/A203059_medium-877-x-657.jpg\" alt=\"\" class=\"wp-image-179180\" srcset=\"https:\/\/www.challenge.ma\/wp-content\/uploads\/2021\/03\/A203059_medium-877-x-657.jpg 558w, https:\/\/www.challenge.ma\/wp-content\/uploads\/2021\/03\/A203059_medium-877-x-657-300x201.jpg 300w, https:\/\/www.challenge.ma\/wp-content\/uploads\/2021\/03\/A203059_medium-877-x-657-360x241.jpg 360w\" sizes=\"auto, (max-width: 558px) 100vw, 558px\"\/><\/figure>\n<p>Auteur: David J\u00e9r\u00e9mie<br \/>\n<a href=\"https:\/\/www.challenge.ma\/audi-q5-un-restylage-et-de-nouvelles-ambitions-dans-son-segment-179173\/\">Cliquez ici pour lire l&rsquo;article depuis sa source.<\/a><\/p>\n","protected":false},"excerpt":{"rendered":"<p>Du nouveau chez Audi Maroc\u00a0qui amorce la commercialisation du Q5 facelift. De quoi permettre \u00e0 ce dernier de repartir \u00e0 l\u2019assaut du segment des SUV compacts premiums, compte tenu de ses nouveaux atouts en mati\u00e8re de style, de confort, de s\u00e9curit\u00e9 et de motorisations. Chez Audi Maroc, la valse des nouveaut\u00e9s se poursuit. Apr\u00e8s les [&hellip;]<\/p>\n","protected":false},"author":1787,"featured_media":0,"comment_status":"closed","ping_status":"closed","sticky":false,"template":"","format":"standard","meta":{"fifu_image_url":"https:\/\/www.challenge.ma\/wp-content\/uploads\/2021\/03\/A203068_medium-877-x-657-2.jpg","fifu_image_alt":"Audi Q5 : un restylage et de nouvelles ambitions dans son segment","footnotes":""},"categories":[78,54],"tags":[],"class_list":["post-113601","post","type-post","status-publish","format-standard","hentry","category-economie","category-maroc"],"_links":{"self":[{"href":"https:\/\/linitiative.ca\/International\/wp-json\/wp\/v2\/posts\/113601","targetHints":{"allow":["GET"]}}],"collection":[{"href":"https:\/\/linitiative.ca\/International\/wp-json\/wp\/v2\/posts"}],"about":[{"href":"https:\/\/linitiative.ca\/International\/wp-json\/wp\/v2\/types\/post"}],"author":[{"embeddable":true,"href":"https:\/\/linitiative.ca\/International\/wp-json\/wp\/v2\/users\/1787"}],"replies":[{"embeddable":true,"href":"https:\/\/linitiative.ca\/International\/wp-json\/wp\/v2\/comments?post=113601"}],"version-history":[{"count":0,"href":"https:\/\/linitiative.ca\/International\/wp-json\/wp\/v2\/posts\/113601\/revisions"}],"wp:attachment":[{"href":"https:\/\/linitiative.ca\/International\/wp-json\/wp\/v2\/media?parent=113601"}],"wp:term":[{"taxonomy":"category","embeddable":true,"href":"https:\/\/linitiative.ca\/International\/wp-json\/wp\/v2\/categories?post=113601"},{"taxonomy":"post_tag","embeddable":true,"href":"https:\/\/linitiative.ca\/International\/wp-json\/wp\/v2\/tags?post=113601"}],"curies":[{"name":"wp","href":"https:\/\/api.w.org\/{rel}","templated":true}]}}