{"id":113606,"date":"2021-03-23T17:23:06","date_gmt":"2021-03-23T21:23:06","guid":{"rendered":"https:\/\/linitiative.ca\/International\/tunisie-lorenzo-fanara-les-peuples-tunisien-et-italiens-sont-des-freres-dame\/"},"modified":"2021-03-23T17:23:06","modified_gmt":"2021-03-23T21:23:06","slug":"tunisie-lorenzo-fanara-les-peuples-tunisien-et-italiens-sont-des-freres-dame","status":"publish","type":"post","link":"https:\/\/linitiative.ca\/International\/tunisie-lorenzo-fanara-les-peuples-tunisien-et-italiens-sont-des-freres-dame\/","title":{"rendered":"Tunisie \u2013 Lorenzo Fanara\u00a0: Les peuples tunisien et italiens sont des fr\u00e8res d\u2019\u00e2me"},"content":{"rendered":"<div class=\"post-cont-in left relative\">\n<div id=\"post-info-wrap\" class=\"left relative post-info-out\">\n<div class=\"post-info-img left relative\"><img decoding=\"async\" alt=\"\" src=\"https:\/\/secure.gravatar.com\/avatar\/047123be9d5e8513774383916ee72db2?s=50&amp;d=mm&amp;r=g\" srcset=\"https:\/\/secure.gravatar.com\/avatar\/047123be9d5e8513774383916ee72db2?s=100&amp;d=mm&amp;r=g 2x\" class=\"avatar avatar-50 photo\" height=\"50\" width=\"50\" loading=\"lazy\"\/><\/div>\n<div class=\"post-info-in\">\n<div class=\"post-info-right left relative post-info-name left relative\"><span><span class=\"post-info-text\">Par<\/span> <span class=\"author-name vcard fn author\"><a href=\"https:\/\/www.tunisienumerique.com\/author\/lm\/\" title=\"Articles par LM\" rel=\"author\">LM<\/a><\/span><\/span> <span class=\"post-date updated\"><time class=\"post-date updated\" datetime=\"2021-03-23\">\u00a0| Il y a 19 secondes<\/time><\/span><br \/>\n<meta itemprop=\"dateModified\" content=\"2021-03-23\"\/><\/div>\n<div class=\"left relative\"><button id=\"listenButton1\" class=\"responsivevoice-button\" type=\"button\" value=\"Play\" title=\"\u00c9coutez l'article\"><span>\ud83d\udd0a \u00c9coutez l&rsquo;article<\/span><\/button>\n<\/div>\n<\/div>\n<\/div>\n<p>Son Excellence, l\u2019ambassadeur d\u2019Italie \u00e0 Tunis, Lorenzo Fanara, \u00e9tait l\u2019invit\u00e9\u00a0 d\u2019une radio priv\u00e9e, pour parler du soutien de l\u2019Italie \u00e0 la Tunisie. Fanara a pr\u00e9cis\u00e9 que pour les relations entre la Tunisie et l\u2019Italie, il pr\u00e9f\u00e8re parler de coop\u00e9ration et de partage d\u2019expertise, plut\u00f4t que de soutien.<\/p>\n<div class=\"code-block code-block-1 c4\">\n <ins class=\"adsbygoogle c3\" data-ad-layout=\"in-article\" data-ad-format=\"fluid\" data-ad-client=\"ca-pub-2102118777505746\" data-ad-slot=\"7301775417\"\/>\n<\/div>\n<p>Fanara a commenc\u00e9 par dire que l\u2019Italie est le premier partenaire de la Tunisie en termes d\u2019histoire, de g\u00e9ographie et d\u2019\u00e2me.<\/p>\n<p>Il a ajout\u00e9 que la coop\u00e9ration entre les deux pays s\u2019int\u00e9resse \u00e0 tous les secteurs, notamment au d\u00e9veloppement dirig\u00e9 vers les jeunes et la femme rurale.<\/p>\n<p>Fanara a \u00e9voqu\u00e9 la ligne de cr\u00e9dit mise en place par l\u2019Italie pour soutenir les Start-Ups tunisiennes, visant \u00e0 les soutenir et les piloter pour les amener \u00e0 \u00eatre plus cr\u00e9atifs, de m\u00eame que pour la ligne de cr\u00e9dit de soutien des PME, notamment dans le domaine de l\u2019agriculture et la p\u00eache, et le domaine du \u00ab\u00a0Bio\u00a0\u00bb. Il a invit\u00e9 les jeunes entrepreneurs \u00e0 venir \u00e0 l\u2019ambassade pour profiter de plus de cent mille Euros mis \u00e0 leur disposition, \u00e0 cet effet.<\/p>\n<p>L\u2019ambassadeur a abord\u00e9 l\u2019opportunit\u00e9 \u00e0 la Tunisie et l\u2019Italie d\u2019aborder, ensemble, les projets communs dans la reconstruction de la Libye.<\/p>\n<p>Fanara a r\u00e9it\u00e9r\u00e9 son engagement et sa d\u00e9termination \u00e0 ramener tous les investissements italiens possibles \u00e0 la Tunisie.<\/p>\n<p>Sur le plan de la coop\u00e9ration culturelle, Fanara a expliqu\u00e9 que l\u2019Italie et la Tunisie vont mettre en place un programme de lutte contre le fanatisme, \u00e0 travers la promotion de la culture. Cette coop\u00e9ration culturelle visant, par ailleurs, \u00e0 ramener les touristes italiens en Tunisie.<\/p>\n<p>Fanara a rappel\u00e9 que l\u2019ambassade italienne met \u00e0 la disposition de nombreux jeunes tunisiens, des ourses d\u2019\u00e9tudes en Italie, et qu\u2019elle a contribu\u00e9 \u00e0 la mise en place de cantines dans les \u00e9coles des zones recul\u00e9es, et mis son expertise \u00e0 la disposition de la Tunisie dans la construction et la mise \u00e0 niveau de nombreuses \u00e9coles.<\/p>\n<div class=\"swp_social_panel swp_horizontal_panel swp_flat_fresh swp_default_full_color swp_individual_full_color swp_other_full_color scale-100 scale-\" data-min-width=\"1100\" data-float-color=\"#ffffff\" data-float=\"bottom\" data-float-mobile=\"bottom\" data-transition=\"slide\">\n<div class=\"nc_tweetContainer swp_share_button total_shares total_sharesalt\"><span class=\"swp_count\">0 <span class=\"swp_label\">Partages<\/span><\/span><\/div>\n<\/div>\n<p><strong>Que se passe-t-il en Tunisie?<\/strong><br \/>Nous expliquons sur notre <a href=\"https:\/\/www.youtube.com\/channel\/UCRzypVq0B_yBad5eGrwBx0Q?sub_confirmation=1\" target=\"_blank\" rel=\"noopener\">cha\u00eene YouTube<\/a> . <a href=\"https:\/\/www.youtube.com\/channel\/UCRzypVq0B_yBad5eGrwBx0Q?sub_confirmation=1\" target=\"_blank\" rel=\"noopener\">Abonnez-vous!<\/a><\/p>\n<div class=\"mvp-org-wrap\" itemprop=\"publisher\">\n<div class=\"mvp-org-logo\" itemprop=\"logo\"><img decoding=\"async\" src=\"https:\/\/www.tunisienumerique.com\/wp-content\/uploads\/2017\/02\/logo_tunisie_numerique.png\"\/><br \/>\n<meta itemprop=\"url\" content=\"https:\/\/www.tunisienumerique.com\/wp-content\/uploads\/2017\/02\/logo_tunisie_numerique.png\"\/><\/div>\n<p><meta content=\"Tunisie\"\/><\/div>\n<div class=\"mvp-related-posts left relative\">\n<h4 class=\"post-header\"><span class=\"post-header\">Lire aussi<\/span><\/h4>\n<\/div>\n<div id=\"article-ad\">\n <ins class=\"adsbygoogle c5\" data-ad-client=\"ca-pub-2102118777505746\" data-ad-slot=\"6513972734\" data-ad-format=\"auto\" data-full-width-responsive=\"true\"\/>\n<\/div>\n<\/div>\n<div id=\"post-sidebar-wrap\">\n <ins class=\"adsbygoogle c5\" data-ad-client=\"ca-pub-2102118777505746\" data-ad-slot=\"6168283410\" data-ad-format=\"auto\" data-full-width-responsive=\"true\"\/>\n<\/div>\n<p>Auteur: LM<br \/>\n<a href=\"https:\/\/www.tunisienumerique.com\/tunisie-lorenzo-fanara-les-peuples-tunisien-et-italiens-sont-des-freres-dame\/\">Cliquez ici pour lire l&rsquo;article depuis sa source.<\/a><\/p>\n","protected":false},"excerpt":{"rendered":"<p>Par LM \u00a0| Il y a 19 secondes \ud83d\udd0a \u00c9coutez l&rsquo;article Son Excellence, l\u2019ambassadeur d\u2019Italie \u00e0 Tunis, Lorenzo Fanara, \u00e9tait l\u2019invit\u00e9\u00a0 d\u2019une radio priv\u00e9e, pour parler du soutien de l\u2019Italie \u00e0 la Tunisie. Fanara a pr\u00e9cis\u00e9 que pour les relations entre la Tunisie et l\u2019Italie, il pr\u00e9f\u00e8re parler de coop\u00e9ration et de partage d\u2019expertise, plut\u00f4t [&hellip;]<\/p>\n","protected":false},"author":1789,"featured_media":0,"comment_status":"closed","ping_status":"closed","sticky":false,"template":"","format":"standard","meta":{"fifu_image_url":"https:\/\/secure.gravatar.com\/avatar\/047123be9d5e8513774383916ee72db2?s=50&d=mm&r=g","fifu_image_alt":"Tunisie \u2013 Lorenzo Fanara\u00a0: Les peuples tunisien et italiens sont des fr\u00e8res d\u2019\u00e2me","footnotes":""},"categories":[73,55],"tags":[],"class_list":["post-113606","post","type-post","status-publish","format-standard","hentry","category-actualite","category-tunisie"],"_links":{"self":[{"href":"https:\/\/linitiative.ca\/International\/wp-json\/wp\/v2\/posts\/113606","targetHints":{"allow":["GET"]}}],"collection":[{"href":"https:\/\/linitiative.ca\/International\/wp-json\/wp\/v2\/posts"}],"about":[{"href":"https:\/\/linitiative.ca\/International\/wp-json\/wp\/v2\/types\/post"}],"author":[{"embeddable":true,"href":"https:\/\/linitiative.ca\/International\/wp-json\/wp\/v2\/users\/1789"}],"replies":[{"embeddable":true,"href":"https:\/\/linitiative.ca\/International\/wp-json\/wp\/v2\/comments?post=113606"}],"version-history":[{"count":0,"href":"https:\/\/linitiative.ca\/International\/wp-json\/wp\/v2\/posts\/113606\/revisions"}],"wp:attachment":[{"href":"https:\/\/linitiative.ca\/International\/wp-json\/wp\/v2\/media?parent=113606"}],"wp:term":[{"taxonomy":"category","embeddable":true,"href":"https:\/\/linitiative.ca\/International\/wp-json\/wp\/v2\/categories?post=113606"},{"taxonomy":"post_tag","embeddable":true,"href":"https:\/\/linitiative.ca\/International\/wp-json\/wp\/v2\/tags?post=113606"}],"curies":[{"name":"wp","href":"https:\/\/api.w.org\/{rel}","templated":true}]}}