{"id":113610,"date":"2021-03-23T15:52:08","date_gmt":"2021-03-23T19:52:08","guid":{"rendered":"https:\/\/linitiative.ca\/International\/cooperation-burkina-arabie-saoudite-les-adieux-de-lambassadeur-waleed-alhamoudi-au-premier-ministre\/"},"modified":"2021-03-23T15:52:08","modified_gmt":"2021-03-23T19:52:08","slug":"cooperation-burkina-arabie-saoudite-les-adieux-de-lambassadeur-waleed-alhamoudi-au-premier-ministre","status":"publish","type":"post","link":"https:\/\/linitiative.ca\/International\/cooperation-burkina-arabie-saoudite-les-adieux-de-lambassadeur-waleed-alhamoudi-au-premier-ministre\/","title":{"rendered":"Coop\u00e9ration Burkina-Arabie Saoudite: les \u00ab adieux \u00bb de l\u2019ambassadeur Waleed Alhamoudi au Premier ministre"},"content":{"rendered":"<div class=\"td-post-featured-image\"><a href=\"https:\/\/www.sidwaya.info\/wp-content\/uploads\/2021\/03\/pmsaoud24.jpg\" data-caption=\"\"><img loading=\"lazy\" decoding=\"async\" width=\"696\" height=\"453\" class=\"entry-thumb td-modal-image\" src=\"https:\/\/www.sidwaya.info\/wp-content\/uploads\/2021\/03\/pmsaoud24-696x453.jpg\" srcset=\"https:\/\/www.sidwaya.info\/wp-content\/uploads\/2021\/03\/pmsaoud24-696x453.jpg 696w, https:\/\/www.sidwaya.info\/wp-content\/uploads\/2021\/03\/pmsaoud24-300x195.jpg 300w, https:\/\/www.sidwaya.info\/wp-content\/uploads\/2021\/03\/pmsaoud24-768x500.jpg 768w, https:\/\/www.sidwaya.info\/wp-content\/uploads\/2021\/03\/pmsaoud24-150x98.jpg 150w, https:\/\/www.sidwaya.info\/wp-content\/uploads\/2021\/03\/pmsaoud24-646x420.jpg 646w, https:\/\/www.sidwaya.info\/wp-content\/uploads\/2021\/03\/pmsaoud24.jpg 787w\" sizes=\"auto, (max-width: 696px) 100vw, 696px\" alt=\"\" title=\"pmsaoud24\"\/><\/a><\/div>\n<p><strong>Le Premier ministre, Christophe Joseph Marie Dabir\u00e9, a re\u00e7u en audience, le mardi 23 mars 2021 \u00e0 Ouagadougou, l\u2019ambassadeur d\u2019Arabie Saoudite, Dr Waled Alhamoudi, en fin de mission au Burkina Faso.<\/strong><\/p>\n<p>Apr\u00e8s plus de quatre ans pass\u00e9s au Burkina Faso comme ambassadeur d\u2019Arabie Saoudite, le Dr Waleed Alhamoudi est en fin de mission. Il est all\u00e9 dire au revoir au Premier ministre, Christophe Joseph Marie Dabir\u00e9, le mardi 23 mars 2021 \u00e0 Ouagadougou. A sa sortie d\u2019audience, le diplomate saoudien a fait savoir qu\u2019il a fait le point de la coop\u00e9ration bilat\u00e9rale entre les deux pays qui s\u2019est \u00ab beaucoup \u00bb renforc\u00e9e gr\u00e2ce au Pr\u00e9sident du Faso, Roch Marc Christian Kabor\u00e9 et le roi d\u2019Arabie Saoudite, Salmane Ben Albelaziz. \u00ab Nous avons traduit au Premier ministre nos remerciements pour le r\u00f4le qu\u2019il a jou\u00e9 durant notre mandat et qui nous a beaucoup facilit\u00e9 notre travail au Burkina Faso et a permis de renforcer nos relations bilat\u00e9rales \u00bb, a-t-il dit.<br \/>En termes de bilan de son s\u00e9jour au pays des Hommes int\u00e8gres, Waleed Alhamoudi a, entre autres, cit\u00e9 quatre visites du Pr\u00e9sident du Faso, Roch Marc Christian Kabor\u00e9, dans son pays, ainsi que celles du Premier ministre, du pr\u00e9sident de l\u2019Assembl\u00e9e nationale et d\u2019autres membres du gouvernement. Le diplomate a aussi fait cas de la visite du pr\u00e9sident de l\u2019Assembl\u00e9e nationale saoudienne et du ministre des Affaires africaines au Burkina Faso. \u00ab Tout cela refl\u00e8te la bonne coop\u00e9ration et les bonnes relations entre nos deux pays \u00bb, a-t-il conclu.<br \/>En rappel, Ouagadougou a \u00e9t\u00e9 le premier poste d\u2019ambassadeur et la premi\u00e8re exp\u00e9rience en Afrique pour Waleed Alhamoudi. Avant sa nomination (il a remis ses lettres de cr\u00e9ances le 1er d\u00e9cembre 2016 au pr\u00e9sident du Faso), il occupait le poste de Directeur g\u00e9n\u00e9ral de l\u2019administration et des c\u00e9r\u00e9monies au minist\u00e8re saoudien en charge des Affaires \u00e9trang\u00e8res. Dipl\u00f4m\u00e9 en sciences politiques de l\u2019universit\u00e9 King Saud de Airiyadh en 1992, M. Alhamoudi a, par la suite, poursuivi des \u00e9tudes \u00e0 l\u2019universit\u00e9 de Houston, o\u00f9 il a obtenu un Master en sciences en 1999. De janvier 2008 \u00e0 septembre 2015, ce docteur en philosophie de l\u2019universit\u00e9 Kings Collage du Royaume-Uni, a \u00e9t\u00e9 consul du royaume d\u2019Arabie saoudite \u00e0 Londres.<\/p>\n<p>Jean-Marie TOE<\/p>\n<div class=\"td-a-rec td-a-rec-id-content_bottom tdi_33_848 td_block_template_1\">\n<p><img loading=\"lazy\" decoding=\"async\" class=\"aligncenter size-full wp-image-27454\" src=\"https:\/\/www.sidwaya.info\/wp-content\/uploads\/2020\/10\/PUB-Bandeau-paiement-mobile-siteweb.jpg\" alt=\"\" width=\"728\" height=\"90\"\/><\/div>\n<p>Auteur: BM. Sidwaya<br \/>\n<a href=\"https:\/\/www.sidwaya.info\/blog\/2021\/03\/23\/cooperation-burkina-arabie-saoudite-les-adieux-de-lambassadeur-waleed-alhamoudi-au-premier-ministre\/\">Cliquez ici pour lire l&rsquo;article depuis sa source.<\/a><\/p>\n","protected":false},"excerpt":{"rendered":"<p>Le Premier ministre, Christophe Joseph Marie Dabir\u00e9, a re\u00e7u en audience, le mardi 23 mars 2021 \u00e0 Ouagadougou, l\u2019ambassadeur d\u2019Arabie Saoudite, Dr Waled Alhamoudi, en fin de mission au Burkina Faso. Apr\u00e8s plus de quatre ans pass\u00e9s au Burkina Faso comme ambassadeur d\u2019Arabie Saoudite, le Dr Waleed Alhamoudi est en fin de mission. Il est [&hellip;]<\/p>\n","protected":false},"author":1816,"featured_media":0,"comment_status":"closed","ping_status":"closed","sticky":false,"template":"","format":"standard","meta":{"fifu_image_url":"https:\/\/www.sidwaya.info\/wp-content\/uploads\/2021\/03\/pmsaoud24-696x453.jpg","fifu_image_alt":"Coop\u00e9ration Burkina-Arabie Saoudite: les \u00ab adieux \u00bb de l\u2019ambassadeur Waleed Alhamoudi au Premier ministre","footnotes":""},"categories":[73,81],"tags":[],"class_list":["post-113610","post","type-post","status-publish","format-standard","hentry","category-actualite","category-burkina-faso"],"_links":{"self":[{"href":"https:\/\/linitiative.ca\/International\/wp-json\/wp\/v2\/posts\/113610","targetHints":{"allow":["GET"]}}],"collection":[{"href":"https:\/\/linitiative.ca\/International\/wp-json\/wp\/v2\/posts"}],"about":[{"href":"https:\/\/linitiative.ca\/International\/wp-json\/wp\/v2\/types\/post"}],"author":[{"embeddable":true,"href":"https:\/\/linitiative.ca\/International\/wp-json\/wp\/v2\/users\/1816"}],"replies":[{"embeddable":true,"href":"https:\/\/linitiative.ca\/International\/wp-json\/wp\/v2\/comments?post=113610"}],"version-history":[{"count":0,"href":"https:\/\/linitiative.ca\/International\/wp-json\/wp\/v2\/posts\/113610\/revisions"}],"wp:attachment":[{"href":"https:\/\/linitiative.ca\/International\/wp-json\/wp\/v2\/media?parent=113610"}],"wp:term":[{"taxonomy":"category","embeddable":true,"href":"https:\/\/linitiative.ca\/International\/wp-json\/wp\/v2\/categories?post=113610"},{"taxonomy":"post_tag","embeddable":true,"href":"https:\/\/linitiative.ca\/International\/wp-json\/wp\/v2\/tags?post=113610"}],"curies":[{"name":"wp","href":"https:\/\/api.w.org\/{rel}","templated":true}]}}