{"id":113612,"date":"2021-03-23T07:33:35","date_gmt":"2021-03-23T11:33:35","guid":{"rendered":"https:\/\/linitiative.ca\/International\/cameroun-letat-de-sante-du-prof-gervais-mendo-ze-preoccupe\/"},"modified":"2021-03-23T07:33:35","modified_gmt":"2021-03-23T11:33:35","slug":"cameroun-letat-de-sante-du-prof-gervais-mendo-ze-preoccupe","status":"publish","type":"post","link":"https:\/\/linitiative.ca\/International\/cameroun-letat-de-sante-du-prof-gervais-mendo-ze-preoccupe\/","title":{"rendered":"Cameroun : l\u2019\u00e9tat de sant\u00e9 du prof Gervais Mendo Ze pr\u00e9occupe"},"content":{"rendered":"<div readability=\"32\">\n<p>Publi\u00e9 le 23.03.2021 \u00e0 12h33 par Christian Djimadeu<\/p>\n<\/div>\n<div readability=\"52\">\n<h5 class=\"c8\"><strong>L\u2019ancien directeur de la Cameroon radio and t\u00e9l\u00e9vision (CRTV) est quasi mourant. Le promoteur de la chorale La voix du c\u00e9nacle, physiquement diminu\u00e9 se fait nourrir tel un enfant dans une nouvelle vid\u00e9o en circulation sur les r\u00e9seaux sociaux.<\/strong><\/h5>\n<p class=\"c9\">La sant\u00e9 de Gervais Mendo Ze inqui\u00e8te. Devenu ch\u00e9tif, l\u2019homme peine \u00e0 se nourrir de lui-m\u00eame, tel que pr\u00e9sente une vid\u00e9o qui fait le tour de la toile. \u00a0L\u2019image est saisissante et suscite de nombreux commentaires.<\/p>\n<p class=\"c9\">Pour certains, l\u2019ancien Dg de la CRTV paye le prix fort de sa\u00a0 mauvaise gestion de la radio et la t\u00e9l\u00e9vision nationale, o\u00f9 \u00a0des d\u00e9tournements de fonds lui ont \u00e9t\u00e9 attribu\u00e9s. \u00a0D\u2019autres, plus compatissants \u00e0 l\u2019\u00e9gard de cet homme r\u00e9put\u00e9 g\u00e9n\u00e9reux, implorent une gr\u00e2ce pr\u00e9sidentielle afin qu\u2019il aille recevoir des soins de sant\u00e9.<\/p>\n<p class=\"c9\">En rappel, c\u2019est depuis 2014 que Gervais Mendo-Ze est \u00e0 la prison centrale de Kondengui, \u00e0 Yaound\u00e9. Condamn\u00e9 \u00e0 vingt ans de prison ferme. Il a \u00e9t\u00e9 reconnu coupable du d\u00e9tournement de 18 milliards de francs CFA dans les budgets de fonctionnement de la t\u00e9l\u00e9vision nationale en 2004 et 2005.<\/p>\n<\/div>\n<p>Auteur: Christian DJIMADEU<br \/>\n<a href=\"https:\/\/www.journalducameroun.com\/cameroun-letat-de-sante-du-prof-gervais-mendo-ze-preoccupe-cameroun\/\">Cliquez ici pour lire l&rsquo;article depuis sa source.<\/a><\/p>\n","protected":false},"excerpt":{"rendered":"<p>Publi\u00e9 le 23.03.2021 \u00e0 12h33 par Christian Djimadeu L\u2019ancien directeur de la Cameroon radio and t\u00e9l\u00e9vision (CRTV) est quasi mourant. Le promoteur de la chorale La voix du c\u00e9nacle, physiquement diminu\u00e9 se fait nourrir tel un enfant dans une nouvelle vid\u00e9o en circulation sur les r\u00e9seaux sociaux. La sant\u00e9 de Gervais Mendo Ze inqui\u00e8te. Devenu [&hellip;]<\/p>\n","protected":false},"author":1965,"featured_media":0,"comment_status":"closed","ping_status":"closed","sticky":false,"template":"","format":"standard","meta":{"fifu_image_url":"","fifu_image_alt":"","footnotes":""},"categories":[73,82],"tags":[],"class_list":["post-113612","post","type-post","status-publish","format-standard","hentry","category-actualite","category-cameroun"],"_links":{"self":[{"href":"https:\/\/linitiative.ca\/International\/wp-json\/wp\/v2\/posts\/113612","targetHints":{"allow":["GET"]}}],"collection":[{"href":"https:\/\/linitiative.ca\/International\/wp-json\/wp\/v2\/posts"}],"about":[{"href":"https:\/\/linitiative.ca\/International\/wp-json\/wp\/v2\/types\/post"}],"author":[{"embeddable":true,"href":"https:\/\/linitiative.ca\/International\/wp-json\/wp\/v2\/users\/1965"}],"replies":[{"embeddable":true,"href":"https:\/\/linitiative.ca\/International\/wp-json\/wp\/v2\/comments?post=113612"}],"version-history":[{"count":0,"href":"https:\/\/linitiative.ca\/International\/wp-json\/wp\/v2\/posts\/113612\/revisions"}],"wp:attachment":[{"href":"https:\/\/linitiative.ca\/International\/wp-json\/wp\/v2\/media?parent=113612"}],"wp:term":[{"taxonomy":"category","embeddable":true,"href":"https:\/\/linitiative.ca\/International\/wp-json\/wp\/v2\/categories?post=113612"},{"taxonomy":"post_tag","embeddable":true,"href":"https:\/\/linitiative.ca\/International\/wp-json\/wp\/v2\/tags?post=113612"}],"curies":[{"name":"wp","href":"https:\/\/api.w.org\/{rel}","templated":true}]}}