{"id":113614,"date":"2021-03-24T10:00:26","date_gmt":"2021-03-24T14:00:26","guid":{"rendered":"https:\/\/linitiative.ca\/International\/vantage-f1-edition-un-nouveau-vehicule-signe-aston-martin\/"},"modified":"2021-03-24T10:00:26","modified_gmt":"2021-03-24T14:00:26","slug":"vantage-f1-edition-un-nouveau-vehicule-signe-aston-martin","status":"publish","type":"post","link":"https:\/\/linitiative.ca\/International\/vantage-f1-edition-un-nouveau-vehicule-signe-aston-martin\/","title":{"rendered":"\u00abVantage F1\u00ae Edition\u00bb, un nouveau v\u00e9hicule sign\u00e9 Aston Martin"},"content":{"rendered":"<header>\n<\/header>\n<div class=\"entry-content clearfix\" readability=\"52\">\n<figure class=\"post-thumbnail\" itemprop=\"associatedMedia\" itemscope=\"itemscope\" itemtype=\"http:\/\/schema.org\/ImageObject\"><img decoding=\"async\" class=\"post_layout_5_img\" src=\"http:\/\/aujourdhui.ma\/wp-content\/uploads\/2021\/03\/Vantage-F1\u00ae-Edition-un-nouveau-vehicule-signe-Aston-Martin.jpg\" alt=\"\u00abVantage F1\u00ae Edition\u00bb, un nouveau v\u00e9hicule sign\u00e9 Aston Martin\"\/><\/figure>\n<p><span class=\"c5\"><strong>Il sera lanc\u00e9 au Grand Prix automobile de Bahre\u00efn 2021<\/strong><\/span><span id=\"more-371898\"\/><\/p>\n<p>Aston Martin lance encore une fois une nouvelle voiture. Appel\u00e9 \u00abVantage F1\u00ae Edition\u00bb, ce v\u00e9hicule de nouvelle g\u00e9n\u00e9ration marque, selon le constructeur britannique, \u00abla c\u00e9l\u00e9bration du retour \u00e0 la Formula 1\u00ae pour la premi\u00e8re fois apr\u00e8s 60 ans et fait de Vantage une vraie voiture sportive\u00bb. \u00abC\u2019est aussi le premier mod\u00e8le \u00e0 b\u00e9n\u00e9ficier de l\u2019apport direct du nouveau PDG d\u2019Aston Martin, Tobias Moers\u00bb, d\u00e9taille la marque. Selon la m\u00eame source, le nouveau v\u00e9hicule, qui fait ses d\u00e9buts ce mois-ci, au Grand Prix automobile de Bahre\u00efn 2021, est \u00abl\u2019expression ultime de la performance et du dynamisme\u00bb. \u00abC\u2019est le v\u00e9hicule le plus rapide par rapport au Vantage pr\u00e9c\u00e9dent\u00bb, encha\u00eene le constructeur. A propos de cette voiture, M. Moers indique: \u00ablorsqu\u2019un v\u00e9hicule Aston Martin porte l\u2019appellation F1\u00ae, cela doit \u00eatre une vraie voiture exceptionnelle. Dans le d\u00e9veloppement de notre voiture officielle s\u00e9curis\u00e9e pour la Formula 1\u00ae, elle devait \u00eatre une vraie athl\u00e8te : plus forte, agile et plus excitante \u00e0 conduire\u00bb. Pour rappel, les livraisons sont pr\u00e9vues de commencer en mai prochain.<\/p>\n<\/div>\n<p>Auteur: ALM<br \/>\n<a href=\"https:\/\/aujourdhui.ma\/automobile\/vantage-f1-edition-un-nouveau-vehicule-signe-aston-martin\">Cliquez ici pour lire l&rsquo;article depuis sa source.<\/a><\/p>\n","protected":false},"excerpt":{"rendered":"<p>Il sera lanc\u00e9 au Grand Prix automobile de Bahre\u00efn 2021 Aston Martin lance encore une fois une nouvelle voiture. Appel\u00e9 \u00abVantage F1\u00ae Edition\u00bb, ce v\u00e9hicule de nouvelle g\u00e9n\u00e9ration marque, selon le constructeur britannique, \u00abla c\u00e9l\u00e9bration du retour \u00e0 la Formula 1\u00ae pour la premi\u00e8re fois apr\u00e8s 60 ans et fait de Vantage une vraie voiture [&hellip;]<\/p>\n","protected":false},"author":1759,"featured_media":0,"comment_status":"closed","ping_status":"closed","sticky":false,"template":"","format":"standard","meta":{"fifu_image_url":"http:\/\/aujourdhui.ma\/wp-content\/uploads\/2021\/03\/Vantage-F1\u00ae-Edition-un-nouveau-vehicule-signe-Aston-Martin.jpg","fifu_image_alt":"\u00abVantage F1\u00ae Edition\u00bb, un nouveau v\u00e9hicule sign\u00e9 Aston Martin","footnotes":""},"categories":[73,54],"tags":[],"class_list":["post-113614","post","type-post","status-publish","format-standard","hentry","category-actualite","category-maroc"],"_links":{"self":[{"href":"https:\/\/linitiative.ca\/International\/wp-json\/wp\/v2\/posts\/113614","targetHints":{"allow":["GET"]}}],"collection":[{"href":"https:\/\/linitiative.ca\/International\/wp-json\/wp\/v2\/posts"}],"about":[{"href":"https:\/\/linitiative.ca\/International\/wp-json\/wp\/v2\/types\/post"}],"author":[{"embeddable":true,"href":"https:\/\/linitiative.ca\/International\/wp-json\/wp\/v2\/users\/1759"}],"replies":[{"embeddable":true,"href":"https:\/\/linitiative.ca\/International\/wp-json\/wp\/v2\/comments?post=113614"}],"version-history":[{"count":0,"href":"https:\/\/linitiative.ca\/International\/wp-json\/wp\/v2\/posts\/113614\/revisions"}],"wp:attachment":[{"href":"https:\/\/linitiative.ca\/International\/wp-json\/wp\/v2\/media?parent=113614"}],"wp:term":[{"taxonomy":"category","embeddable":true,"href":"https:\/\/linitiative.ca\/International\/wp-json\/wp\/v2\/categories?post=113614"},{"taxonomy":"post_tag","embeddable":true,"href":"https:\/\/linitiative.ca\/International\/wp-json\/wp\/v2\/tags?post=113614"}],"curies":[{"name":"wp","href":"https:\/\/api.w.org\/{rel}","templated":true}]}}