{"id":113616,"date":"2021-03-24T11:00:55","date_gmt":"2021-03-24T15:00:55","guid":{"rendered":"https:\/\/linitiative.ca\/International\/construction-les-chefs-dentreprises-anticipent-une-diminution-de-lactivite-pour-le-1er-trimestre\/"},"modified":"2021-03-24T11:00:55","modified_gmt":"2021-03-24T15:00:55","slug":"construction-les-chefs-dentreprises-anticipent-une-diminution-de-lactivite-pour-le-1er-trimestre","status":"publish","type":"post","link":"https:\/\/linitiative.ca\/International\/construction-les-chefs-dentreprises-anticipent-une-diminution-de-lactivite-pour-le-1er-trimestre\/","title":{"rendered":"Construction : Les chefs d\u2019entreprises anticipent une diminution de l\u2019activit\u00e9 pour le 1er trimestre"},"content":{"rendered":"<header>\n<\/header>\n<div class=\"entry-content clearfix\" readability=\"62\">\n<figure class=\"post-thumbnail\" itemprop=\"associatedMedia\" itemscope=\"itemscope\" itemtype=\"http:\/\/schema.org\/ImageObject\"><img decoding=\"async\" class=\"post_layout_5_img\" src=\"http:\/\/aujourdhui.ma\/wp-content\/uploads\/2020\/12\/Immobilier-Maroc.jpg\" alt=\"Construction : Les chefs d\u2019entreprises anticipent une diminution de l\u2019activit\u00e9 pour le 1er trimestre\"\/><\/figure>\n<p><span class=\"c5\"><strong>Cette baisse s\u2019accompagnera d\u2019une r\u00e9duction des effectifs employ\u00e9s<\/strong><\/span> <span id=\"more-371915\"\/><\/p>\n<p>Les chefs d\u2019entreprises dans le secteur de la construction s\u2019attendent \u00e0 une diminution de l\u2019activit\u00e9 pour le premier trimestre 2021. C\u2019est ce que r\u00e9v\u00e8le le Haut-Commissariat au Plan (HCP) dans le cadre de ses enqu\u00eates trimestrielles de conjoncture. Cette \u00e9volution r\u00e9sulterait, d\u2019une part, de la baisse d\u2019activit\u00e9 pr\u00e9vue au niveau des branches des \u00abTravaux de construction sp\u00e9cialis\u00e9s\u00bb et du \u00abG\u00e9nie civil\u00bb et, d\u2019autre part, de la hausse d\u2019activit\u00e9 attendue dans la branche de la \u00abconstruction de b\u00e2timents\u00bb. Cette baisse dans le secteur de la construction serait accompagn\u00e9e par une baisse des effectifs employ\u00e9s. Selon le HCP, les entreprises de l\u2019industrie manufacturi\u00e8re anticipent une l\u00e9g\u00e8re augmentation de leur production au premier trimestre.<\/p>\n<p>Cette \u00e9volution est attribuable d\u2019une part \u00e0 une hausse de l\u2019activit\u00e9 des \u00ab Industries alimentaires \u00bb et de l\u2019 \u00abIndustrie chimique\u00bb et, d\u2019autre part, \u00e0 une diminution de celle de l\u2019\u00abIndustrie automobile\u00bb et de la \u00abFabrication d\u2019autres mat\u00e9riels de transport\u00bb. Concernant les emplois, les industriels pr\u00e9voient une stabilit\u00e9 des effectifs employ\u00e9s. S\u2019agissant de l\u2019industrie extractive, les entreprises de ce secteur pr\u00e9voient une hausse de leur production. Cette \u00e9volution serait imputable principalement \u00e0 une augmentation de la production des phosphates. En revanche, les patrons pr\u00e9voient une diminution des effectifs dans le secteur. Par ailleurs, la production \u00e9nerg\u00e9tique attendue pour le 1er trimestre 2021 conna\u00eetrait une stabilit\u00e9 attribuable \u00e0 une stagnation de la \u00abProduction et distribution d\u2019\u00e9lectricit\u00e9, de gaz, de vapeur et d\u2019air conditionn\u00e9\u00bb. Pour ce qui est de l\u2019emploi, il conna\u00eetrait \u00e9galement une stabilit\u00e9.<\/p>\n<p>Pour leur part, les entreprises de l\u2019industrie environnementale anticipent une augmentation de la production notamment dans les activit\u00e9s du \u00abCaptage, traitement et distribution d\u2019eau\u00bb et une stabilit\u00e9 des effectifs employ\u00e9s.<\/p>\n<\/div>\n<p>Auteur: ALM<br \/>\n<a href=\"https:\/\/aujourdhui.ma\/economie\/construction-les-chefs-dentreprises-anticipent-une-diminution-de-lactivite-pour-le-1er-trimestre\">Cliquez ici pour lire l&rsquo;article depuis sa source.<\/a><\/p>\n","protected":false},"excerpt":{"rendered":"<p>Cette baisse s\u2019accompagnera d\u2019une r\u00e9duction des effectifs employ\u00e9s Les chefs d\u2019entreprises dans le secteur de la construction s\u2019attendent \u00e0 une diminution de l\u2019activit\u00e9 pour le premier trimestre 2021. C\u2019est ce que r\u00e9v\u00e8le le Haut-Commissariat au Plan (HCP) dans le cadre de ses enqu\u00eates trimestrielles de conjoncture. Cette \u00e9volution r\u00e9sulterait, d\u2019une part, de la baisse d\u2019activit\u00e9 [&hellip;]<\/p>\n","protected":false},"author":1759,"featured_media":0,"comment_status":"closed","ping_status":"closed","sticky":false,"template":"","format":"standard","meta":{"fifu_image_url":"http:\/\/aujourdhui.ma\/wp-content\/uploads\/2020\/12\/Immobilier-Maroc.jpg","fifu_image_alt":"Construction : Les chefs d\u2019entreprises anticipent une diminution de l\u2019activit\u00e9 pour le 1er trimestre","footnotes":""},"categories":[73,54],"tags":[],"class_list":["post-113616","post","type-post","status-publish","format-standard","hentry","category-actualite","category-maroc"],"_links":{"self":[{"href":"https:\/\/linitiative.ca\/International\/wp-json\/wp\/v2\/posts\/113616","targetHints":{"allow":["GET"]}}],"collection":[{"href":"https:\/\/linitiative.ca\/International\/wp-json\/wp\/v2\/posts"}],"about":[{"href":"https:\/\/linitiative.ca\/International\/wp-json\/wp\/v2\/types\/post"}],"author":[{"embeddable":true,"href":"https:\/\/linitiative.ca\/International\/wp-json\/wp\/v2\/users\/1759"}],"replies":[{"embeddable":true,"href":"https:\/\/linitiative.ca\/International\/wp-json\/wp\/v2\/comments?post=113616"}],"version-history":[{"count":0,"href":"https:\/\/linitiative.ca\/International\/wp-json\/wp\/v2\/posts\/113616\/revisions"}],"wp:attachment":[{"href":"https:\/\/linitiative.ca\/International\/wp-json\/wp\/v2\/media?parent=113616"}],"wp:term":[{"taxonomy":"category","embeddable":true,"href":"https:\/\/linitiative.ca\/International\/wp-json\/wp\/v2\/categories?post=113616"},{"taxonomy":"post_tag","embeddable":true,"href":"https:\/\/linitiative.ca\/International\/wp-json\/wp\/v2\/tags?post=113616"}],"curies":[{"name":"wp","href":"https:\/\/api.w.org\/{rel}","templated":true}]}}