{"id":113617,"date":"2021-03-24T11:15:15","date_gmt":"2021-03-24T15:15:15","guid":{"rendered":"https:\/\/linitiative.ca\/International\/le-maroc-invite-dhonneur-des-merveilles-de-la-decennie-de-la-bulgarie\/"},"modified":"2021-03-24T11:15:15","modified_gmt":"2021-03-24T15:15:15","slug":"le-maroc-invite-dhonneur-des-merveilles-de-la-decennie-de-la-bulgarie","status":"publish","type":"post","link":"https:\/\/linitiative.ca\/International\/le-maroc-invite-dhonneur-des-merveilles-de-la-decennie-de-la-bulgarie\/","title":{"rendered":"Le Maroc invit\u00e9 d\u2019honneur des \u00abMerveilles de la d\u00e9cennie de la Bulgarie\u00bb"},"content":{"rendered":"<header>\n<div class=\"entry-post-meta\">\n<div class=\"author-link\">Publi\u00e9 par <a itemprop=\"author\" itemscope=\"itemscope\" itemtype=\"https:\/\/schema.org\/Person\" href=\"https:\/\/aujourdhui.ma\/author\/blio\" rel=\"author\"><span itemprop=\"name\">ALM<\/span><\/a><\/div>\n<p>Date\u00a0:<time content=\"2021-03-24T16:15:15+01:00\" class=\"entry-date updated\" datetime=\"2021-03-24T16:15:15+01:00\">mars 24, 2021<\/time><\/p>\n<div class=\"entry-cat\">dans:<a href=\"https:\/\/aujourdhui.ma\/category\/culture\" rel=\"category tag\">Culture<\/a><\/div>\n<p>7Vues<\/p>\n<\/div>\n<\/header>\n<div class=\"entry-content clearfix\" readability=\"61\">\n<figure class=\"post-thumbnail\" itemprop=\"associatedMedia\" itemscope=\"itemscope\" itemtype=\"http:\/\/schema.org\/ImageObject\"><img decoding=\"async\" class=\"post_layout_5_img\" src=\"http:\/\/aujourdhui.ma\/wp-content\/uploads\/2021\/03\/Bulgarie-Maroc.jpg\" alt=\"Le Maroc invit\u00e9 d\u2019honneur des \u00abMerveilles de la d\u00e9cennie de la Bulgarie\u00bb\"\/><\/figure>\n<p><span class=\"c5\"><strong>Le Maroc a \u00e9t\u00e9, r\u00e9cemment \u00e0 Sofia, l\u2019invit\u00e9 d\u2019honneur de la 10\u00e8me ann\u00e9e jubilaire de la Campagne les \u00abMerveilles de la d\u00e9cennie de la Bulgarie\u00bb, une manifestation d\u00e9di\u00e9e \u00e0 la pr\u00e9servation et \u00e0 la promotion du patrimoine culturel et historique de ce pays d\u2019Europe du sud.<\/strong><\/span><span id=\"more-371944\"\/><\/p>\n<p>Organis\u00e9e par le journal \u00abStandard. News\u00bb en partenariat avec l\u2019organisation europ\u00e9enne du patrimoine culturel \u00abEuropa Nostra\u00bb, cette rencontre a \u00e9t\u00e9 rehauss\u00e9e par la pr\u00e9sence d\u2019un ar\u00e9opage de responsables du gouvernement bulgare, de diplomates, intellectuels, chercheurs, \u00e9lus locaux et de repr\u00e9sentants du secteur priv\u00e9 et de la soci\u00e9t\u00e9 civile. Cette 10\u00e8me ann\u00e9e jubilaire, diffus\u00e9e en ligne par toutes les cha\u00eenes de t\u00e9l\u00e9vision bulgares et des autres pays des Balkans, a \u00e9t\u00e9 l\u2019occasion de c\u00e9l\u00e9brer dix sites culturels et historiques embl\u00e9matiques de la Bulgarie. En tant qu\u2019invit\u00e9e d\u2019honneur, l\u2019ambassadeur du Maroc en Bulgarie, Zakia El Midaoui a d\u00e9cern\u00e9 le Prix sp\u00e9cial de la D\u00e9cennie \u00e0 Zdravko Ivanov, maire de Devin, une ville au coeur des Rhodopes r\u00e9put\u00e9e pour ses eaux min\u00e9rales, qui en font depuis une dizaine d\u2019ann\u00e9es une destination des plus attractives dans le domaine des Spas.<\/p>\n<p>Dans une allocution de circonstance, la diplomate marocaine s\u2019est f\u00e9licit\u00e9e que le Royaume soit associ\u00e9 \u00e0 cet \u00e9v\u00e9nement d\u00e9di\u00e9 \u00e0 la protection et \u00e0 la promotion du patrimoine culturel de la Bulgarie \u00abqui compte de nombreux sites class\u00e9s par l\u2019Unesco, en tant que patrimoine de l\u2019humanit\u00e9\u00bb.<\/p>\n<\/div>\n<p>Auteur: ALM<br \/>\n<a href=\"https:\/\/aujourdhui.ma\/culture\/le-maroc-invite-dhonneur-des-merveilles-de-la-decennie-de-la-bulgarie\">Cliquez ici pour lire l&rsquo;article depuis sa source.<\/a><\/p>\n","protected":false},"excerpt":{"rendered":"<p>Publi\u00e9 par ALM Date\u00a0:mars 24, 2021 dans:Culture 7Vues Le Maroc a \u00e9t\u00e9, r\u00e9cemment \u00e0 Sofia, l\u2019invit\u00e9 d\u2019honneur de la 10\u00e8me ann\u00e9e jubilaire de la Campagne les \u00abMerveilles de la d\u00e9cennie de la Bulgarie\u00bb, une manifestation d\u00e9di\u00e9e \u00e0 la pr\u00e9servation et \u00e0 la promotion du patrimoine culturel et historique de ce pays d\u2019Europe du sud. Organis\u00e9e [&hellip;]<\/p>\n","protected":false},"author":1759,"featured_media":0,"comment_status":"closed","ping_status":"closed","sticky":false,"template":"","format":"standard","meta":{"fifu_image_url":"http:\/\/aujourdhui.ma\/wp-content\/uploads\/2021\/03\/Bulgarie-Maroc.jpg","fifu_image_alt":"Le Maroc invit\u00e9 d\u2019honneur des \u00abMerveilles de la d\u00e9cennie de la Bulgarie\u00bb","footnotes":""},"categories":[73,54],"tags":[],"class_list":["post-113617","post","type-post","status-publish","format-standard","hentry","category-actualite","category-maroc"],"_links":{"self":[{"href":"https:\/\/linitiative.ca\/International\/wp-json\/wp\/v2\/posts\/113617","targetHints":{"allow":["GET"]}}],"collection":[{"href":"https:\/\/linitiative.ca\/International\/wp-json\/wp\/v2\/posts"}],"about":[{"href":"https:\/\/linitiative.ca\/International\/wp-json\/wp\/v2\/types\/post"}],"author":[{"embeddable":true,"href":"https:\/\/linitiative.ca\/International\/wp-json\/wp\/v2\/users\/1759"}],"replies":[{"embeddable":true,"href":"https:\/\/linitiative.ca\/International\/wp-json\/wp\/v2\/comments?post=113617"}],"version-history":[{"count":0,"href":"https:\/\/linitiative.ca\/International\/wp-json\/wp\/v2\/posts\/113617\/revisions"}],"wp:attachment":[{"href":"https:\/\/linitiative.ca\/International\/wp-json\/wp\/v2\/media?parent=113617"}],"wp:term":[{"taxonomy":"category","embeddable":true,"href":"https:\/\/linitiative.ca\/International\/wp-json\/wp\/v2\/categories?post=113617"},{"taxonomy":"post_tag","embeddable":true,"href":"https:\/\/linitiative.ca\/International\/wp-json\/wp\/v2\/tags?post=113617"}],"curies":[{"name":"wp","href":"https:\/\/api.w.org\/{rel}","templated":true}]}}