{"id":113619,"date":"2021-03-23T14:00:56","date_gmt":"2021-03-23T18:00:56","guid":{"rendered":"https:\/\/linitiative.ca\/International\/%ef%bb%bfa-bouayach-plaide-pour-une-culture-dappui-a-la-participation-feminine\/"},"modified":"2021-03-23T14:00:56","modified_gmt":"2021-03-23T18:00:56","slug":"%ef%bb%bfa-bouayach-plaide-pour-une-culture-dappui-a-la-participation-feminine","status":"publish","type":"post","link":"https:\/\/linitiative.ca\/International\/%ef%bb%bfa-bouayach-plaide-pour-une-culture-dappui-a-la-participation-feminine\/","title":{"rendered":"\ufeffA. Bouayach plaide pour une culture d\u2019appui \u00e0 la participation f\u00e9minine"},"content":{"rendered":"<p class=\"has-text-color has-vivid-cyan-blue-color c1\"><strong>Rencontre internationale du CNDH,sur la parit\u00e9 en politique<\/strong><\/p>\n<p><strong>La cons\u00e9cration de la parit\u00e9 dans le champ politique n\u00e9cessite l\u2019\u00e9mergence d\u2019une culture soci\u00e9tale d\u2019appui \u00e0 la participation f\u00e9minine, a indiqu\u00e9 lundi \u00e0 Rabat la pr\u00e9sidente du Conseil national des droits de l\u2019Homme (CNDH) Amina Bouayach.<\/strong><\/p>\n<p>Intervenant lors d\u2019une rencontre internationale organis\u00e9e \u00e0 l\u2019initiative du CNDH, sous le th\u00e8me \u00ab\u00a0la parit\u00e9 en politique: une n\u00e9cessit\u00e9 pour l\u2019effectivit\u00e9 de l\u2019\u00e9galit\u00e9\u00a0\u00bb, Mme Bouayach a soulign\u00e9 qu\u2019il y a besoin d\u2019une renaissance culturelle pour mieux lutter contre les st\u00e9r\u00e9otypes sur la femme et encourager la gente f\u00e9minine pour un plus grand acc\u00e8s aux mandats \u00e9lectifs. La modeste pr\u00e9sence des femmes dans l\u2019ar\u00e8ne politique, bien qu\u2019elles forment la moiti\u00e9 des \u00e9lecteurs, suscite plus d\u2019une question, a estim\u00e9 la responsable, relevant que le syst\u00e8me \u00e9lectoral, les cadres l\u00e9gislatifs et juridiques, le statut social, \u00e9conomique et culturel des femmes y sont pour quelque chose.<\/p>\n<p>S\u2019y ajoutent d\u2019autres facteurs se rapportant notamment au manque des ressources financi\u00e8res, aux d\u00e9ficits constat\u00e9s en termes d\u2019\u00e9ducation ou d\u2019informations, autant d\u2019obstacles qui se dressent devant l\u2019acc\u00e8s de la femme aux centres de d\u00e9cision politique.<\/p>\n<p><strong>L. Akherbach\u00a0: la repr\u00e9sentativit\u00e9 f\u00e9minine, une question de port\u00e9e publique<\/strong><\/p>\n<p>De son c\u00f4t\u00e9, la pr\u00e9sidente de la Haute Autorit\u00e9 de la communication audiovisuelle (HACA), Latifa Akharbach, a soulign\u00e9 la n\u00e9cessit\u00e9 d\u2019aborder la probl\u00e9matique de la repr\u00e9sentativit\u00e9 f\u00e9minine dans la sph\u00e8re m\u00e9diatique, en tant que question de port\u00e9e publique et une condition sine qua non pour tout progr\u00e8s social<\/p>\n<p>Malgr\u00e9 les acquis cumul\u00e9s en mati\u00e8re de promotion des droits des femmes, la question de la repr\u00e9sentativit\u00e9 f\u00e9minine dans la sph\u00e8re publique reste toujours d\u2019actualit\u00e9 et en d\u00e9phasage avec la place r\u00e9elle qu\u2019occupent les comp\u00e9tences f\u00e9minines. Les donn\u00e9es de la HACA font \u00e9tat d\u2019une faible part des femmes dans les interventions des personnalit\u00e9s publiques aux bulletins et programmes d\u2019information, a-t-elle d\u00e9plor\u00e9.<\/p>\n<p>En outre, les femmes repr\u00e9sentaient 36% des acteurs politiques qui ont pris la parole sur les m\u00e9dias lors des campagnes \u00e9lectorales en 2016, alors que seuls 19% d\u2019entre elles \u00e9taient pr\u00e9sentes dans des programmes d\u2019information pendant la p\u00e9riode \u00e9lectorale de 43 jours.<\/p>\n<p>R. El Haj : le d\u00e9veloppement est tributaire de l\u2019\u00e9galit\u00e9<\/p>\n<p>La repr\u00e9sentante r\u00e9gionale du Haut-Commissariat aux droits de l\u2019homme (HCDH) Ruwaida El Haj, a de son c\u00f4t\u00e9 indiqu\u00e9 que l\u2019\u00e9galit\u00e9 des droits entre hommes et femmes repr\u00e9sente l\u2019un des principes fondamentaux de la D\u00e9claration universelle des droits de l\u2019Homme, affirmant que le d\u00e9veloppement est tributaire de l\u2019\u00e9galit\u00e9 des droits entre les hommes et les femmes.<\/p>\n<p>Mme El Haj n\u2019a pas manqu\u00e9 de mettre en avant les avanc\u00e9es consid\u00e9rables r\u00e9alis\u00e9es dans les pays arabes en mati\u00e8re de respect des droits des femmes, mais des efforts restent \u00e0 faire pour atteindre la participation pleine et \u00e9gale des femmes aux processus de prise de d\u00e9cision. Ont particip\u00e9 \u00e0 cette rencontre des repr\u00e9sentants des d\u00e9partements minist\u00e9riels, des acteurs politiques et syndicaux, ainsi que des organisations de la soci\u00e9t\u00e9 civile.<\/p>\n<p>Auteur: M&rsquo;hammed rahal<br \/>\n<a href=\"http:\/\/albayane.press.ma\/%EF%BB%BFa-bouayach-plaide-pour-une-culture-dappui-a-la-participation-feminine.html\">Cliquez ici pour lire l&rsquo;article depuis sa source.<\/a><\/p>\n","protected":false},"excerpt":{"rendered":"<p>Rencontre internationale du CNDH,sur la parit\u00e9 en politique La cons\u00e9cration de la parit\u00e9 dans le champ politique n\u00e9cessite l\u2019\u00e9mergence d\u2019une culture soci\u00e9tale d\u2019appui \u00e0 la participation f\u00e9minine, a indiqu\u00e9 lundi \u00e0 Rabat la pr\u00e9sidente du Conseil national des droits de l\u2019Homme (CNDH) Amina Bouayach. Intervenant lors d\u2019une rencontre internationale organis\u00e9e \u00e0 l\u2019initiative du CNDH, sous [&hellip;]<\/p>\n","protected":false},"author":1760,"featured_media":0,"comment_status":"closed","ping_status":"closed","sticky":false,"template":"","format":"standard","meta":{"fifu_image_url":"","fifu_image_alt":"","footnotes":""},"categories":[73,54],"tags":[],"class_list":["post-113619","post","type-post","status-publish","format-standard","hentry","category-actualite","category-maroc"],"_links":{"self":[{"href":"https:\/\/linitiative.ca\/International\/wp-json\/wp\/v2\/posts\/113619","targetHints":{"allow":["GET"]}}],"collection":[{"href":"https:\/\/linitiative.ca\/International\/wp-json\/wp\/v2\/posts"}],"about":[{"href":"https:\/\/linitiative.ca\/International\/wp-json\/wp\/v2\/types\/post"}],"author":[{"embeddable":true,"href":"https:\/\/linitiative.ca\/International\/wp-json\/wp\/v2\/users\/1760"}],"replies":[{"embeddable":true,"href":"https:\/\/linitiative.ca\/International\/wp-json\/wp\/v2\/comments?post=113619"}],"version-history":[{"count":0,"href":"https:\/\/linitiative.ca\/International\/wp-json\/wp\/v2\/posts\/113619\/revisions"}],"wp:attachment":[{"href":"https:\/\/linitiative.ca\/International\/wp-json\/wp\/v2\/media?parent=113619"}],"wp:term":[{"taxonomy":"category","embeddable":true,"href":"https:\/\/linitiative.ca\/International\/wp-json\/wp\/v2\/categories?post=113619"},{"taxonomy":"post_tag","embeddable":true,"href":"https:\/\/linitiative.ca\/International\/wp-json\/wp\/v2\/tags?post=113619"}],"curies":[{"name":"wp","href":"https:\/\/api.w.org\/{rel}","templated":true}]}}