{"id":113620,"date":"2021-03-23T14:00:58","date_gmt":"2021-03-23T18:00:58","guid":{"rendered":"https:\/\/linitiative.ca\/International\/benchaaboun-le-succes-de-lindustrialisation-durable-necessite-de-combler-plusieurs-deficits\/"},"modified":"2021-03-23T14:00:58","modified_gmt":"2021-03-23T18:00:58","slug":"benchaaboun-le-succes-de-lindustrialisation-durable-necessite-de-combler-plusieurs-deficits","status":"publish","type":"post","link":"https:\/\/linitiative.ca\/International\/benchaaboun-le-succes-de-lindustrialisation-durable-necessite-de-combler-plusieurs-deficits\/","title":{"rendered":"Bencha\u00e2boun : \u00ab Le succ\u00e8s de l\u2019industrialisation durable n\u00e9cessite de combler plusieurs d\u00e9ficits \u00bb"},"content":{"rendered":"<p class=\"c1\"><strong>Afrique<\/strong><\/p>\n<p><strong>Le succ\u00e8s de l\u2019industrialisation durable et de la num\u00e9risation des \u00e9conomies africaines demeurent tributaires de la capacit\u00e9 de l\u2019Afrique \u00e0 combler ses principaux d\u00e9ficits notamment, en mati\u00e8re d\u2019infrastructures, de ressources humaines et de financement, a soulign\u00e9, lundi, le ministre de l\u2019Economie, des finances et de la r\u00e9forme de l\u2019administration, Mohamed Bencha\u00e2boun.<\/strong><\/p>\n<p>M. Bencha\u00e2boun, qui pr\u00e9sidait par vid\u00e9oconf\u00e9rence, en sa qualit\u00e9 de Pr\u00e9sident du Bureau sortant de la Conf\u00e9rence des ministres des finances, de la planification et du d\u00e9veloppement \u00e9conomique de la commission \u00e9conomique des Nations-Unies pour l\u2019Afrique (CEA), l\u2019ouverture de la 53\u00e8me session de la Conf\u00e9rence, a insist\u00e9 sur l\u2019importance de la mobilisation de nouvelles sources de financement innovantes, notamment dans le cadre de partenariats avec le secteur priv\u00e9, ainsi que de l\u2019implication plus active de la communaut\u00e9 financi\u00e8re internationale pour accompagner les pays africains dans leurs processus de transformation \u00e9conomique, indique un communiqu\u00e9 du minist\u00e8re.<\/p>\n<p>Cette conf\u00e9rence, qui se tient jusqu\u2019au 23 mars 2021 \u00e0 Addis-Abeba, sous le th\u00e8me \u201cl\u2019industrialisation et la diversification durables de l\u2019Afrique \u00e0 l\u2019\u00e8re du num\u00e9rique dans le contexte de la covid-19\u201d, a \u00e9t\u00e9 \u00e9galement l\u2019occasion pour le ministre de r\u00e9it\u00e9rer l\u2019engagement infaillible du Royaume du Maroc, conform\u00e9ment aux Hautes Orientations de Sa Majest\u00e9 le Roi, pour le renforcement de la coop\u00e9ration africaine et l\u2019\u00e9mergence d\u2019une Afrique forte et autonome, fait savoir la m\u00eame source.<\/p>\n<p>M. Bencha\u00e2boun a aussi rappel\u00e9 le contexte in\u00e9dit dans lequel se tient cette 53\u00e8me session de la Conf\u00e9rence, marqu\u00e9 par une double crise sanitaire et \u00e9conomique qui a eu des r\u00e9percussions n\u00e9fastes sur les \u00e9conomies mondiale et africaine.<\/p>\n<p>Il a, parall\u00e8lement, relev\u00e9 la pertinence du choix de la th\u00e9matique de cette ann\u00e9e, \u00e0 savoir \u201cl\u2019industrialisation et la diversification durables de l\u2019Afrique \u00e0 l\u2019\u00e8re du num\u00e9rique dans le contexte de la covid-19\u201d et ce, eu \u00e9gard au r\u00f4le essentiel que l\u2019industrialisation durable et la num\u00e9risation peuvent jouer pour renforcer la r\u00e9silience du continent africain face aux chocs exog\u00e8nes et acc\u00e9l\u00e9rer la diversification des \u00e9conomies africaines.<\/p>\n<p>Cette session a \u00e9t\u00e9 marqu\u00e9e par la participation de la Secr\u00e9taire Ex\u00e9cutive de la CEA, du Premier Ministre de la R\u00e9publique d\u00e9mocratique f\u00e9d\u00e9rale d\u2019\u00c9thiopie ainsi que d\u2019\u00e9minentes personnalit\u00e9s repr\u00e9sentant les Etats membres, les entit\u00e9s du syst\u00e8me des Nations Unies, les institutions financi\u00e8res et les partenaires de d\u00e9veloppement, indique le communiqu\u00e9.<\/p>\n<p>Et de rappeler que la CEA, dont le si\u00e8ge est situ\u00e9 \u00e0 Addis-Abeba en Ethiopie, est l\u2019une des cinq commissions r\u00e9gionales relevant du Conseil Economique et Social de l\u2019ONU. La CEA a pour r\u00f4le principal d\u2019encourager l\u2019int\u00e9gration r\u00e9gionale et la promotion de la coop\u00e9ration internationale pour le d\u00e9veloppement de l\u2019Afrique. La Conf\u00e9rence minist\u00e9rielle constitue l\u2019instance supr\u00eame de cette institution.<\/p>\n<p>Auteur: M&rsquo;hammed rahal<br \/>\n<a href=\"http:\/\/albayane.press.ma\/benchaaboun-le-succes-de-lindustrialisation-durable-necessite-de-combler-plusieurs-deficits.html\">Cliquez ici pour lire l&rsquo;article depuis sa source.<\/a><\/p>\n","protected":false},"excerpt":{"rendered":"<p>Afrique Le succ\u00e8s de l\u2019industrialisation durable et de la num\u00e9risation des \u00e9conomies africaines demeurent tributaires de la capacit\u00e9 de l\u2019Afrique \u00e0 combler ses principaux d\u00e9ficits notamment, en mati\u00e8re d\u2019infrastructures, de ressources humaines et de financement, a soulign\u00e9, lundi, le ministre de l\u2019Economie, des finances et de la r\u00e9forme de l\u2019administration, Mohamed Bencha\u00e2boun. M. Bencha\u00e2boun, qui [&hellip;]<\/p>\n","protected":false},"author":1760,"featured_media":0,"comment_status":"closed","ping_status":"closed","sticky":false,"template":"","format":"standard","meta":{"fifu_image_url":"","fifu_image_alt":"","footnotes":""},"categories":[73,54],"tags":[],"class_list":["post-113620","post","type-post","status-publish","format-standard","hentry","category-actualite","category-maroc"],"_links":{"self":[{"href":"https:\/\/linitiative.ca\/International\/wp-json\/wp\/v2\/posts\/113620","targetHints":{"allow":["GET"]}}],"collection":[{"href":"https:\/\/linitiative.ca\/International\/wp-json\/wp\/v2\/posts"}],"about":[{"href":"https:\/\/linitiative.ca\/International\/wp-json\/wp\/v2\/types\/post"}],"author":[{"embeddable":true,"href":"https:\/\/linitiative.ca\/International\/wp-json\/wp\/v2\/users\/1760"}],"replies":[{"embeddable":true,"href":"https:\/\/linitiative.ca\/International\/wp-json\/wp\/v2\/comments?post=113620"}],"version-history":[{"count":0,"href":"https:\/\/linitiative.ca\/International\/wp-json\/wp\/v2\/posts\/113620\/revisions"}],"wp:attachment":[{"href":"https:\/\/linitiative.ca\/International\/wp-json\/wp\/v2\/media?parent=113620"}],"wp:term":[{"taxonomy":"category","embeddable":true,"href":"https:\/\/linitiative.ca\/International\/wp-json\/wp\/v2\/categories?post=113620"},{"taxonomy":"post_tag","embeddable":true,"href":"https:\/\/linitiative.ca\/International\/wp-json\/wp\/v2\/tags?post=113620"}],"curies":[{"name":"wp","href":"https:\/\/api.w.org\/{rel}","templated":true}]}}