{"id":113621,"date":"2021-03-23T14:00:58","date_gmt":"2021-03-23T18:00:58","guid":{"rendered":"https:\/\/linitiative.ca\/International\/%ef%bb%bfjusqua-un-an-ferme-a-lencontre-de-meneurs-de-groupes-de-supporters\/"},"modified":"2021-03-23T14:00:58","modified_gmt":"2021-03-23T18:00:58","slug":"%ef%bb%bfjusqua-un-an-ferme-a-lencontre-de-meneurs-de-groupes-de-supporters","status":"publish","type":"post","link":"https:\/\/linitiative.ca\/International\/%ef%bb%bfjusqua-un-an-ferme-a-lencontre-de-meneurs-de-groupes-de-supporters\/","title":{"rendered":"\ufeffJusqu\u2019\u00e0 un an ferme \u00e0 l\u2019encontre de meneurs de groupes de supporters"},"content":{"rendered":"<p class=\"has-text-color has-vivid-cyan-blue-color c1\"><strong>Incidents \u00e0 l\u2019Olympique de Marseille<\/strong><\/p>\n<p><strong>Des peines allant jusqu\u2019\u00e0 un an de prison ferme ont \u00e9t\u00e9 prononc\u00e9es lundi contre quatre meneurs de groupes de supporters de l\u2019Olympique de Marseille pour leur responsabilit\u00e9 dans les incidents fin janvier au centre d\u2019entra\u00eenement du club.<\/strong><\/p>\n<p>\u00ab\u00a0Dans ce dossier la preuve a \u00e9t\u00e9 rapport\u00e9e d\u2019une organisation en vue de d\u00e9gradations et de violences\u00a0\u00bb, a assur\u00e9 la pr\u00e9sidente du tribunal correctionnel de Marseille, Nathalie Marty, qui a prononc\u00e9 la peine la plus dure contre le tr\u00e9sorier des Marseille trop puissant (MTP).<\/p>\n<p>Le jeune homme, d\u00e9j\u00e0 condamn\u00e9 dans le pass\u00e9 pour des faits similaires, avait \u00e9t\u00e9 arr\u00eat\u00e9 dans la Commanderie, le centre d\u2019entra\u00eenement de l\u2019OM, avec des fumig\u00e8nes. Il n\u2019a pas \u00e9t\u00e9 incarc\u00e9r\u00e9 mais devra porter un bracelet \u00e9lectronique \u00e0 domicile.<\/p>\n<p>Rachid Zeroual et Christophe Bourguignon, respectivement leader des South Winners et pr\u00e9sident des Ultras, deux autres clubs de supporters, ont \u00e9cop\u00e9 de neuf mois de prison, dont cinq avec sursis, conform\u00e9ment aux r\u00e9quisitions du parquet.<\/p>\n<p>\u00ab\u00a0Je suis la b\u00eate noire, ils essayent de nous faire baisser les bras, mais je n\u2019ai rien \u00e0 me reprocher, je ne suis pas rentr\u00e9 dans la Commanderie\u00a0\u00bb, s\u2019est \u00e9nerv\u00e9 \u00e0 l\u2019issue de l\u2019audience M. Zeroual, aid\u00e9 de b\u00e9quilles en raison d\u2019une maladie.<\/p>\n<p>La derni\u00e8re peine, dix mois avec sursis, \u00e0 \u00e9t\u00e9 prononc\u00e9e \u00e0 l\u2019encontre du secr\u00e9taire charg\u00e9 de la communication des Winners, film\u00e9 avec des gestes v\u00e9h\u00e9ments par les cam\u00e9ras install\u00e9es aux abords du centre d\u2019entra\u00eenement du club.<\/p>\n<p>Le procureur de la r\u00e9publique, Andr\u00e9 Ribes, avait requis la m\u00eame peine pour le \u00ab\u00a0capo\u00a0\u00bb des MTP, mais ce dernier, qui a reconnu devant le tribunal correctionnel avoir \u00ab\u00a0fait l\u2019idiot\u00a0\u00bb, a finalement \u00e9t\u00e9 relax\u00e9, tout comme le sixi\u00e8me supporter sur le banc des pr\u00e9venus.<\/p>\n<p>Le 30 janvier, quelque 300 supporters, \u00e9chauff\u00e9s par une succession de r\u00e9sultats sportifs d\u00e9cevants, s\u2019\u00e9taient mass\u00e9s devant les grilles de la Commanderie, notamment pour demander le d\u00e9part du pr\u00e9sident du club, Jacques-Henri Eyraud, \u00e9vinc\u00e9 depuis.<\/p>\n<p>Des p\u00e9tards, feux d\u2019artifice et fumig\u00e8nes avaient \u00e9t\u00e9 lanc\u00e9s dans l\u2019enceinte et une partie des supporters avaient p\u00e9n\u00e9tr\u00e9 dans le centre, jusqu\u2019aux vestiaires. Des vitres avaient \u00e9t\u00e9 bris\u00e9es et des voitures avaient \u00e9t\u00e9 d\u00e9grad\u00e9es, a rappel\u00e9 la pr\u00e9sidente.<\/p>\n<p>\u00ab\u00a0Les actes de violence pour faire passer ses id\u00e9es ce n\u2019est pas possible\u00a0\u00bb, avait tanc\u00e9 le procureur: \u00ab\u00a0Si la porte est ferm\u00e9e, vous restez dehors\u00a0\u00bb, avait-il insist\u00e9 dans son r\u00e9quisitoire.<\/p>\n<p>Lors des d\u00e9bats, Rachid Zeroual s\u2019est d\u00e9fendu de vouloir faire de son groupe de supporters \u00ab\u00a0un gang\u00a0\u00bb. D\u00e9j\u00e0 condamn\u00e9 il y a 11 ans pour \u00ab\u00a0violences aggrav\u00e9es en r\u00e9union\u00a0\u00bb, M. Zeroual a ni\u00e9 avoir attis\u00e9 la col\u00e8re des supporters, assurant au contraire avoir \u00ab\u00a0insist\u00e9\u00a0\u00bb lors d\u2019une r\u00e9union \u00ab\u00a0pour que \u00e7a se passe pacifiquement\u00a0\u00bb.<\/p>\n<p>Le quinquag\u00e9naire a \u00e9voqu\u00e9 un \u00ab\u00a0effet Covid\u00a0\u00bb et l\u2019interdiction des supporters dans les stades pour raison sanitaire comme explication aux violences et fustig\u00e9 \u00ab\u00a0la fermeture des grilles\u00a0\u00bb du centre d\u2019entra\u00eenement: \u00ab\u00a0Tout a \u00e9t\u00e9 organis\u00e9 pour que \u00e7a d\u00e9borde\u00a0\u00bb, a-t-il d\u00e9nonc\u00e9, assurant que les responsables du club \u00e9taient au courant de la venue des supporters, ce qu\u2019a confirm\u00e9 l\u2019avocat de l\u2019OM Olivier Grimaldi.<\/p>\n<p>Christophe Bourguignon, le pr\u00e9sident des Ultras, qui a reconnu \u00eatre pr\u00e9sent devant la Commanderie mais a ni\u00e9 avoir p\u00e9n\u00e9tr\u00e9 \u00e0 l\u2019int\u00e9rieur, avait tent\u00e9 de minimiser son r\u00f4le. Pr\u00e9sident ? \u00ab\u00a0C\u2019est juste sur le papier\u00a0\u00bb, avait lanc\u00e9 l\u2019homme de 49 ans, qui s\u2019est fait tatouer \u00ab\u00a0Ultra\u00a0\u00bb dans le cou.<\/p>\n<p>\u00ab\u00a0La Commanderie ne leur appartient pas\u00a0\u00bb, avait fustig\u00e9 Me Grimaldi: \u00ab\u00a0L\u2019OM ne peut pas vivre sans ses supporters, mais l\u2019OM n\u2019a pas la capacit\u00e9 de choisir ses supporters. Nous sommes \u00e0 Marseille, nous avons les supporters que nous avons\u00a0\u00bb, a-t-il regrett\u00e9.<\/p>\n<p>Le 24 f\u00e9vrier, onze premiers supporters arr\u00eat\u00e9s au moment des faits avaient \u00e9t\u00e9 condamn\u00e9s \u00e0 six mois de prison avec sursis, et un douzi\u00e8me, d\u00e9j\u00e0 connu de la justice pour des vols, \u00e0 trois mois ferme. Deux relaxes avaient \u00e9galement \u00e9t\u00e9 prononc\u00e9es.<\/p>\n<p>Auteur: M&rsquo;hammed rahal<br \/>\n<a href=\"http:\/\/albayane.press.ma\/%EF%BB%BFjusqua-un-an-ferme-a-lencontre-de-meneurs-de-groupes-de-supporters.html\">Cliquez ici pour lire l&rsquo;article depuis sa source.<\/a><\/p>\n","protected":false},"excerpt":{"rendered":"<p>Incidents \u00e0 l\u2019Olympique de Marseille Des peines allant jusqu\u2019\u00e0 un an de prison ferme ont \u00e9t\u00e9 prononc\u00e9es lundi contre quatre meneurs de groupes de supporters de l\u2019Olympique de Marseille pour leur responsabilit\u00e9 dans les incidents fin janvier au centre d\u2019entra\u00eenement du club. \u00ab\u00a0Dans ce dossier la preuve a \u00e9t\u00e9 rapport\u00e9e d\u2019une organisation en vue de [&hellip;]<\/p>\n","protected":false},"author":1760,"featured_media":0,"comment_status":"closed","ping_status":"closed","sticky":false,"template":"","format":"standard","meta":{"fifu_image_url":"","fifu_image_alt":"","footnotes":""},"categories":[73,54],"tags":[],"class_list":["post-113621","post","type-post","status-publish","format-standard","hentry","category-actualite","category-maroc"],"_links":{"self":[{"href":"https:\/\/linitiative.ca\/International\/wp-json\/wp\/v2\/posts\/113621","targetHints":{"allow":["GET"]}}],"collection":[{"href":"https:\/\/linitiative.ca\/International\/wp-json\/wp\/v2\/posts"}],"about":[{"href":"https:\/\/linitiative.ca\/International\/wp-json\/wp\/v2\/types\/post"}],"author":[{"embeddable":true,"href":"https:\/\/linitiative.ca\/International\/wp-json\/wp\/v2\/users\/1760"}],"replies":[{"embeddable":true,"href":"https:\/\/linitiative.ca\/International\/wp-json\/wp\/v2\/comments?post=113621"}],"version-history":[{"count":0,"href":"https:\/\/linitiative.ca\/International\/wp-json\/wp\/v2\/posts\/113621\/revisions"}],"wp:attachment":[{"href":"https:\/\/linitiative.ca\/International\/wp-json\/wp\/v2\/media?parent=113621"}],"wp:term":[{"taxonomy":"category","embeddable":true,"href":"https:\/\/linitiative.ca\/International\/wp-json\/wp\/v2\/categories?post=113621"},{"taxonomy":"post_tag","embeddable":true,"href":"https:\/\/linitiative.ca\/International\/wp-json\/wp\/v2\/tags?post=113621"}],"curies":[{"name":"wp","href":"https:\/\/api.w.org\/{rel}","templated":true}]}}