{"id":113622,"date":"2021-03-23T14:01:23","date_gmt":"2021-03-23T18:01:23","guid":{"rendered":"https:\/\/linitiative.ca\/International\/%ef%bb%bfdirar-out-lazaar-in\/"},"modified":"2021-03-23T14:01:23","modified_gmt":"2021-03-23T18:01:23","slug":"%ef%bb%bfdirar-out-lazaar-in","status":"publish","type":"post","link":"https:\/\/linitiative.ca\/International\/%ef%bb%bfdirar-out-lazaar-in\/","title":{"rendered":"\ufeffDirar out, Lazaar in !"},"content":{"rendered":"<p class=\"has-text-color has-vivid-red-color c1\"><strong>Lions de l\u2019Atlas<\/strong><\/p>\n<p><strong>L\u2019international marocain Nabil Dirar, pr\u00e9sent dans la liste des convoqu\u00e9s par Vahid, n\u2019a finalement pas pu rejoindre ses compagnons en s\u00e9lection \u00e0 cause du refus du club Bruges de laisser partir ses joueurs africains. Pour le remplacer, le s\u00e9lectionneur national a fait appel au lat\u00e9ral de Watford, Achraf Lazaar.<\/strong><\/p>\n<p>En effet, en raison des risques d\u2019infection au coronavirus, le Club Bruges a d\u00e9cid\u00e9 de retenir ses internationaux africains, \u00e0 savoir Clinton Mata (Angola), Odilon Kossounou (C\u00f4te d\u2019Ivoire), Youssouph Badji (S\u00e9n\u00e9gal) et Nabil Dirar, qui a tr\u00e8s certainement re\u00e7u sa derni\u00e8re convocation avec les Lions de l\u2019Atlas.<\/p>\n<p>\u00abJ\u2019en ai discut\u00e9 avec mes joueurs et leurs entra\u00eeneurs nationaux. La FIFA a introduit cette r\u00e8gle et nous voulons l\u2019utiliser. C\u2019est trop risqu\u00e9\u00bb, a d\u00e9clar\u00e9 l\u2019entraineur des Gazelle Philippe Clement.<\/p>\n<p>Pour le remplacer, Vahid a fait appel au d\u00e9fenseur gauche de Watford, Achraf Lazaar.<\/p>\n<p>Pour rappel, le Maroc affronte la Mauritanie le 26 mars, puis le Burundi, quatre jours plus tard, dans le cadre des 5e et 6e journ\u00e9es des \u00e9liminatoires de la CAN 2021.<\/p>\n<p class=\"has-text-color has-vivid-red-color\"><strong>O.Z<\/strong><\/p>\n<p>Auteur: M&rsquo;hammed rahal<br \/>\n<a href=\"http:\/\/albayane.press.ma\/%EF%BB%BFdirar-out-lazaar-in.html\">Cliquez ici pour lire l&rsquo;article depuis sa source.<\/a><\/p>\n","protected":false},"excerpt":{"rendered":"<p>Lions de l\u2019Atlas L\u2019international marocain Nabil Dirar, pr\u00e9sent dans la liste des convoqu\u00e9s par Vahid, n\u2019a finalement pas pu rejoindre ses compagnons en s\u00e9lection \u00e0 cause du refus du club Bruges de laisser partir ses joueurs africains. Pour le remplacer, le s\u00e9lectionneur national a fait appel au lat\u00e9ral de Watford, Achraf Lazaar. En effet, en [&hellip;]<\/p>\n","protected":false},"author":1760,"featured_media":0,"comment_status":"closed","ping_status":"closed","sticky":false,"template":"","format":"standard","meta":{"fifu_image_url":"","fifu_image_alt":"","footnotes":""},"categories":[73,54],"tags":[],"class_list":["post-113622","post","type-post","status-publish","format-standard","hentry","category-actualite","category-maroc"],"_links":{"self":[{"href":"https:\/\/linitiative.ca\/International\/wp-json\/wp\/v2\/posts\/113622","targetHints":{"allow":["GET"]}}],"collection":[{"href":"https:\/\/linitiative.ca\/International\/wp-json\/wp\/v2\/posts"}],"about":[{"href":"https:\/\/linitiative.ca\/International\/wp-json\/wp\/v2\/types\/post"}],"author":[{"embeddable":true,"href":"https:\/\/linitiative.ca\/International\/wp-json\/wp\/v2\/users\/1760"}],"replies":[{"embeddable":true,"href":"https:\/\/linitiative.ca\/International\/wp-json\/wp\/v2\/comments?post=113622"}],"version-history":[{"count":0,"href":"https:\/\/linitiative.ca\/International\/wp-json\/wp\/v2\/posts\/113622\/revisions"}],"wp:attachment":[{"href":"https:\/\/linitiative.ca\/International\/wp-json\/wp\/v2\/media?parent=113622"}],"wp:term":[{"taxonomy":"category","embeddable":true,"href":"https:\/\/linitiative.ca\/International\/wp-json\/wp\/v2\/categories?post=113622"},{"taxonomy":"post_tag","embeddable":true,"href":"https:\/\/linitiative.ca\/International\/wp-json\/wp\/v2\/tags?post=113622"}],"curies":[{"name":"wp","href":"https:\/\/api.w.org\/{rel}","templated":true}]}}