{"id":113623,"date":"2021-03-23T14:03:20","date_gmt":"2021-03-23T18:03:20","guid":{"rendered":"https:\/\/linitiative.ca\/International\/%ef%bb%bfs-m-le-roi-nomme-el-adaoui-a-la-cour-des-comptes-abdennabaoui-a-la-cour-de-cassation-et-daki-a-la-tete-du-ministere-public\/"},"modified":"2021-03-23T14:03:20","modified_gmt":"2021-03-23T18:03:20","slug":"%ef%bb%bfs-m-le-roi-nomme-el-adaoui-a-la-cour-des-comptes-abdennabaoui-a-la-cour-de-cassation-et-daki-a-la-tete-du-ministere-public","status":"publish","type":"post","link":"https:\/\/linitiative.ca\/International\/%ef%bb%bfs-m-le-roi-nomme-el-adaoui-a-la-cour-des-comptes-abdennabaoui-a-la-cour-de-cassation-et-daki-a-la-tete-du-ministere-public\/","title":{"rendered":"\ufeffS.M le Roi nomme El Adaoui \u00e0 la Cour des Comptes, Abdennabaoui \u00e0 la Cour de Cassation et Daki \u00e0 la t\u00eate du minist\u00e8re public"},"content":{"rendered":"<p class=\"has-text-color has-vivid-cyan-blue-color c1\"><strong>Nominations aux hautes fonctions judiciaires<\/strong><\/p>\n<p><strong>Sa Majest\u00e9 le Roi Mohammed VI, pr\u00e9sident du Conseil sup\u00e9rieur du pouvoir judiciaire, a re\u00e7u lundi 22 mars 2021 au Palais royal de F\u00e8s M. Mohamed Abdennabaoui, que le Souverain a nomm\u00e9 Premier pr\u00e9sident de la Cour de Cassation, et en cette qualit\u00e9, Pr\u00e9sident d\u00e9l\u00e9gu\u00e9 du Conseil Sup\u00e9rieur du Pouvoir Judiciaire et M. El Hassan Daki, nomm\u00e9 Procureur G\u00e9n\u00e9ral du Roi pr\u00e8s la Cour de Cassation et en cette qualit\u00e9, Pr\u00e9sident du Minist\u00e8re Public.<\/strong><\/p>\n<p>Conform\u00e9ment aux dispositions de l\u2019article 115 de la Constitution, le Souverain a \u00e9galement re\u00e7u lundi 22 mars 2021 au Palais Royal de F\u00e8s, les cinq membres du Conseil sup\u00e9rieur du Pouvoir Judiciaire, dont la nomination rel\u00e8ve des pr\u00e9rogatives royales en vertu de la Constitution.<\/p>\n<p>Il s\u2019agit de Ahmed Ghazali et Mohamed Amine Benabdellah, que le Souverain a bien voulu reconduire en tant que membres du Conseil, Mohamed Zaoug, Mohamed Nassar et Khalid Laraichi, nomm\u00e9s nouveaux membres de ce Conseil.<\/p>\n<p>A cette occasion, les nouveaux membres ont pr\u00eat\u00e9 serment devant Sa Majest\u00e9 le Roi.<\/p>\n<p>Cette audience s\u2019est d\u00e9roul\u00e9e en pr\u00e9sence de M. Mohamed Abdennabaoui, Pr\u00e9sident de la Cour de Cassation, Pr\u00e9sident d\u00e9l\u00e9gu\u00e9 du Conseil sup\u00e9rieur du pouvoir judiciaire, et M. El Hassan Daki, Procureur g\u00e9n\u00e9ral du Roi pr\u00e8s la Cour de Cassation, pr\u00e9sident du Minist\u00e8re Public.<\/p>\n<p>S.M le Roi Mohammed VI a re\u00e7u a ensuite re\u00e7u Mme Zineb El Adaoui, que le Souverain a nomm\u00e9e au poste de Premier Pr\u00e9sident de la Cour des comptes.<\/p>\n<p>A cette occasion, le Souverain a prodigu\u00e9 \u00e0 la nouvelle pr\u00e9sidente Ses Hautes Orientations, pour qu\u2019elle veille \u00e0 ce que cette Institution accomplisse ses missions constitutionnelles, particuli\u00e8rement en mati\u00e8re de l\u2019exercice du contr\u00f4le sup\u00e9rieur des finances publiques et dans le domaine de soutien et de protection des principes et valeurs de bonne gouvernance, de transparence et de reddition des comptes.<\/p>\n<p>Auteur: M&rsquo;hammed rahal<br \/>\n<a href=\"http:\/\/albayane.press.ma\/%EF%BB%BFs-m-le-roi-nomme-el-adaoui-a-la-cour-des-comptes-abdennabaoui-a-la-cour-de-cassation-et-daki-a-la-tete-du-ministere-public.html\">Cliquez ici pour lire l&rsquo;article depuis sa source.<\/a><\/p>\n","protected":false},"excerpt":{"rendered":"<p>Nominations aux hautes fonctions judiciaires Sa Majest\u00e9 le Roi Mohammed VI, pr\u00e9sident du Conseil sup\u00e9rieur du pouvoir judiciaire, a re\u00e7u lundi 22 mars 2021 au Palais royal de F\u00e8s M. Mohamed Abdennabaoui, que le Souverain a nomm\u00e9 Premier pr\u00e9sident de la Cour de Cassation, et en cette qualit\u00e9, Pr\u00e9sident d\u00e9l\u00e9gu\u00e9 du Conseil Sup\u00e9rieur du Pouvoir [&hellip;]<\/p>\n","protected":false},"author":1760,"featured_media":0,"comment_status":"closed","ping_status":"closed","sticky":false,"template":"","format":"standard","meta":{"fifu_image_url":"","fifu_image_alt":"","footnotes":""},"categories":[73,54],"tags":[],"class_list":["post-113623","post","type-post","status-publish","format-standard","hentry","category-actualite","category-maroc"],"_links":{"self":[{"href":"https:\/\/linitiative.ca\/International\/wp-json\/wp\/v2\/posts\/113623","targetHints":{"allow":["GET"]}}],"collection":[{"href":"https:\/\/linitiative.ca\/International\/wp-json\/wp\/v2\/posts"}],"about":[{"href":"https:\/\/linitiative.ca\/International\/wp-json\/wp\/v2\/types\/post"}],"author":[{"embeddable":true,"href":"https:\/\/linitiative.ca\/International\/wp-json\/wp\/v2\/users\/1760"}],"replies":[{"embeddable":true,"href":"https:\/\/linitiative.ca\/International\/wp-json\/wp\/v2\/comments?post=113623"}],"version-history":[{"count":0,"href":"https:\/\/linitiative.ca\/International\/wp-json\/wp\/v2\/posts\/113623\/revisions"}],"wp:attachment":[{"href":"https:\/\/linitiative.ca\/International\/wp-json\/wp\/v2\/media?parent=113623"}],"wp:term":[{"taxonomy":"category","embeddable":true,"href":"https:\/\/linitiative.ca\/International\/wp-json\/wp\/v2\/categories?post=113623"},{"taxonomy":"post_tag","embeddable":true,"href":"https:\/\/linitiative.ca\/International\/wp-json\/wp\/v2\/tags?post=113623"}],"curies":[{"name":"wp","href":"https:\/\/api.w.org\/{rel}","templated":true}]}}