{"id":113625,"date":"2021-03-24T04:51:06","date_gmt":"2021-03-24T08:51:06","guid":{"rendered":"https:\/\/linitiative.ca\/International\/oct-nouvelles-decisions-de-mise-a-niveau-et-de-restructuration\/"},"modified":"2021-03-24T04:51:06","modified_gmt":"2021-03-24T08:51:06","slug":"oct-nouvelles-decisions-de-mise-a-niveau-et-de-restructuration","status":"publish","type":"post","link":"https:\/\/linitiative.ca\/International\/oct-nouvelles-decisions-de-mise-a-niveau-et-de-restructuration\/","title":{"rendered":"OCT : Nouvelles d\u00e9cisions de mise \u00e0 niveau et de restructuration"},"content":{"rendered":"<div class=\"td-post-content\">\n<h2>Le ministre du Commerce, Mohamed Boussaid, s\u2019est r\u00e9uni avec les cadres de l\u2019OCT et des membres des commissions des achats et des march\u00e9s publics lors d\u2019une s\u00e9ance de travail d\u00e9di\u00e9e \u00e0 l\u2019avancement du dossier de la mise \u00e0 niveau et de la restructuration des entreprises relevant du\u00a0<a href=\"https:\/\/www.facebook.com\/MCDE.TUNISIE\" target=\"_blank\" rel=\"noopener noreferrer\">minist\u00e8re du Commerce et de d\u00e9veloppement des exportations<\/a>, notamment, l\u2019Office du commerce de Tunisie (OCT).<\/h2>\n<p class=\"gmail-news_item_view_plain_text\">Selon un\u00a0<a href=\"http:\/\/www.leconomistemaghrebin.com\/2021\/03\/24\/coronavirus-41-deces-supplementaires-et-584-nouvelles-contaminations\/\" target=\"_blank\" rel=\"noopener noreferrer\">communiqu\u00e9<\/a>\u00a0publi\u00e9 par le minist\u00e8re, la s\u00e9ance a abouti aux d\u00e9cisions suivantes:<\/p>\n<p class=\"gmail-news_item_view_plain_text\">En premier lieu, la d\u00e9signation d\u2019un bureau d\u2019\u00e9tudes sp\u00e9cialis\u00e9 pour effectuer un audit complet et approfondi. L\u2019audit portera sur les proc\u00e9dures approuv\u00e9es au cours des diff\u00e9rentes \u00e9tapes d\u2019approvisionnement, du transport et du stockage, de sous-traitance et de commercialisation \u00e0 l\u2019OCT. L\u2019audit a pour objectifs de d\u00e9tecter les points faibles. Il permettra de proposer des mesures \u00e0 m\u00eame d\u2019am\u00e9liorer le rendement et les services de l\u2019OCT.<\/p>\n<p class=\"gmail-news_item_view_plain_text\">En deuxi\u00e8me lieu, l\u2019adoption d\u2019un programme d\u2019investissement. Le minist\u00e8re l\u2019inclura dans le budget de l\u2019OCT pour l\u2019ann\u00e9e 2022. Le minist\u00e8re consacrera ce programme \u00e0 la mise \u00e0 niveau et \u00e0 la modernisation de tous les centres de stockage et de conditionnement de l\u2019office. Le programme lancera \u00e9galement un processus permettant l\u2019adoption des normes internationales. Ce processus s\u2019appuiera sur les r\u00e9sultats de l\u2019audit.<\/p>\n<p class=\"gmail-news_item_view_plain_text\">En troisi\u00e8me lieu, le lancement des d\u00e9marches permettant \u00e0 l\u2019OCT d\u2019obtenir les accr\u00e9ditations n\u00e9cessaires au d\u00e9veloppement de son domaine d\u2019activit\u00e9. Ces accr\u00e9ditations porteront sur la qualit\u00e9 ainsi que la mati\u00e8re de m\u00e9thodes de gestion. Cette d\u00e9marche vise \u00e0 garantir le respect des proc\u00e9dures li\u00e9es aux march\u00e9s publics. Elle inclut \u00e9galement une approche portant sur les r\u00e8gles sanitaires et de s\u00e9curit\u00e9 du consommateur. L\u2019obtention d\u2019accr\u00e9ditation englobera toutes les \u00e9tapes durant lesquelles l\u2019OCT intervient. (les analyses r\u00e9alis\u00e9es dans le pays d\u2019origine et \u00e0 l\u2019arriv\u00e9e des marchandises, la gestion des quantit\u00e9s non conformes ou qui objets de d\u00e9saccord avec le fournisseur, ainsi que les techniques d\u2019\u00e9chantillonnage).<\/p>\n<p class=\"gmail-news_item_view_plain_text\">En quatri\u00e8me lieu, le d\u00e9veloppement de la politique de communication de l\u2019office.<\/p>\n<p class=\"gmail-news_item_view_plain_text\">En dernier lieu, l\u2019augmentation du niveau d\u2019efficacit\u00e9 des services et logistiques de l\u2019OCT. Cette d\u00e9cision implique aussi une augmentation de la coordination avec les services du minist\u00e8re du Transport et de la Logistique. Ceci permettra d\u2019acc\u00e9l\u00e9rer les d\u00e9lais de sortie des marchandises. Il assurera \u00e9galement la fluidit\u00e9 du processus de d\u00e9chargement et de transport vers les silos de l\u2019OCT pour tous les produits (sucre, riz, caf\u00e9, th\u00e9),<\/p>\n<p class=\"gmail-news_item_view_plain_text\">Par ailleurs, une s\u00e9ance de travail minist\u00e9rielle examinera le dossier de mise \u00e0 niveau et de restructuration de l\u2019OCT. Cette s\u00e9ance se consacrera \u00e0 l\u2019adoption de solutions structurelles au profit de l\u2019OCT.<\/p>\n<p class=\"gmail-news_item_view_plain_text\">Ces solutions devraient permettre \u00e0 l\u2019OCT de se pr\u00e9parer \u00e0 adopter de nouvelles orientations en mati\u00e8re d\u2019expositions, de grands projets structur\u00e9s pour la mise \u00e0 niveau des circuits de distribution, de zones logistiques et de commerce libres \u2026), et de se positionner en tant qu\u2019un holding.<\/p>\n<p><em>Avec TAP<\/em><\/p>\n<\/div>\n<footer>\n<\/footer>\n<div class=\"wp-post-author-wrap wp-post-author-shortcode left\">\n<h3 class=\"awpa-title\"\/>\n<div class=\"wp-post-author\">\n<div class=\"awpa-img awpa-author-block square\"><a href=\"http:\/\/lexpertjournal.net\/fr\/?author=5\"><img loading=\"lazy\" decoding=\"async\" alt=\"\" src=\"http:\/\/0.gravatar.com\/avatar\/97f8e10a1c1125ba104a76514ee07b16?s=150&amp;d=mm&amp;r=g\" srcset=\"http:\/\/0.gravatar.com\/avatar\/97f8e10a1c1125ba104a76514ee07b16?s=300&amp;d=mm&amp;r=g 2x\" class=\"avatar avatar-150 photo\" height=\"150\" width=\"150\"\/><\/a><\/div>\n<\/div>\n<\/div>\n<aside class=\"mashsb-container mashsb-main mashsb-stretched\">\n<\/aside>\n<p>Auteur: L&rsquo;expert<br \/>\n<a href=\"http:\/\/lexpertjournal.net\/fr\/?p=19391\">Cliquez ici pour lire l&rsquo;article depuis sa source.<\/a><\/p>\n","protected":false},"excerpt":{"rendered":"<p>Le ministre du Commerce, Mohamed Boussaid, s\u2019est r\u00e9uni avec les cadres de l\u2019OCT et des membres des commissions des achats et des march\u00e9s publics lors d\u2019une s\u00e9ance de travail d\u00e9di\u00e9e \u00e0 l\u2019avancement du dossier de la mise \u00e0 niveau et de la restructuration des entreprises relevant du\u00a0minist\u00e8re du Commerce et de d\u00e9veloppement des exportations, notamment, [&hellip;]<\/p>\n","protected":false},"author":1775,"featured_media":0,"comment_status":"closed","ping_status":"closed","sticky":false,"template":"","format":"standard","meta":{"fifu_image_url":"http:\/\/0.gravatar.com\/avatar\/97f8e10a1c1125ba104a76514ee07b16?s=150&d=mm&r=g","fifu_image_alt":"OCT : Nouvelles d\u00e9cisions de mise \u00e0 niveau et de restructuration","footnotes":""},"categories":[78,55],"tags":[],"class_list":["post-113625","post","type-post","status-publish","format-standard","hentry","category-economie","category-tunisie"],"_links":{"self":[{"href":"https:\/\/linitiative.ca\/International\/wp-json\/wp\/v2\/posts\/113625","targetHints":{"allow":["GET"]}}],"collection":[{"href":"https:\/\/linitiative.ca\/International\/wp-json\/wp\/v2\/posts"}],"about":[{"href":"https:\/\/linitiative.ca\/International\/wp-json\/wp\/v2\/types\/post"}],"author":[{"embeddable":true,"href":"https:\/\/linitiative.ca\/International\/wp-json\/wp\/v2\/users\/1775"}],"replies":[{"embeddable":true,"href":"https:\/\/linitiative.ca\/International\/wp-json\/wp\/v2\/comments?post=113625"}],"version-history":[{"count":0,"href":"https:\/\/linitiative.ca\/International\/wp-json\/wp\/v2\/posts\/113625\/revisions"}],"wp:attachment":[{"href":"https:\/\/linitiative.ca\/International\/wp-json\/wp\/v2\/media?parent=113625"}],"wp:term":[{"taxonomy":"category","embeddable":true,"href":"https:\/\/linitiative.ca\/International\/wp-json\/wp\/v2\/categories?post=113625"},{"taxonomy":"post_tag","embeddable":true,"href":"https:\/\/linitiative.ca\/International\/wp-json\/wp\/v2\/tags?post=113625"}],"curies":[{"name":"wp","href":"https:\/\/api.w.org\/{rel}","templated":true}]}}