{"id":113628,"date":"2021-03-24T09:16:50","date_gmt":"2021-03-24T13:16:50","guid":{"rendered":"https:\/\/linitiative.ca\/International\/teleperformance-augmentation-de-salaire-et-creation-de-nouvelles-primes\/"},"modified":"2021-03-24T09:16:50","modified_gmt":"2021-03-24T13:16:50","slug":"teleperformance-augmentation-de-salaire-et-creation-de-nouvelles-primes","status":"publish","type":"post","link":"https:\/\/linitiative.ca\/International\/teleperformance-augmentation-de-salaire-et-creation-de-nouvelles-primes\/","title":{"rendered":"T\u00e9l\u00e9performance : augmentation de salaire et cr\u00e9ation de nouvelles primes"},"content":{"rendered":"<div class=\"td-post-content\">\n<h2>Le directeur g\u00e9n\u00e9ral de la soci\u00e9t\u00e9 T\u00e9l\u00e9performance et les repr\u00e9sentants du syndicat de base de\u00a0<a href=\"https:\/\/www.teleperformance.com\/fr-fr\/\" target=\"_blank\" rel=\"noopener noreferrer\">cette soci\u00e9t\u00e9 fran\u00e7aise<\/a>\u00a0ont sign\u00e9 un accord. Et ce, le mardi 23 mars 2021, au si\u00e8ge du\u00a0<a href=\"http:\/\/www.leconomistemaghrebin.com\/2021\/02\/09\/mohamed-trabelsi-absence-banque-donnees-personnes-besoins-specifiques-tunisie\/\" target=\"_blank\" rel=\"noopener noreferrer\">minist\u00e8re des Affaires sociales<\/a>.<\/h2>\n<p>Selon cet accord, l\u2019entreprise fran\u00e7aise accordera une augmentation de 7% au niveau des salaires des employ\u00e9s de la soci\u00e9t\u00e9 T\u00e9l\u00e9performance, au titre de l\u2019ann\u00e9e 2021. L\u2019accord comprend \u00e9galement la cr\u00e9ation de deux nouvelles primes.<\/p>\n<p class=\"news_item_view_plain_text\">Ainsi, le syndicat a annonc\u00e9 l\u2019annulation de la gr\u00e8ve initialement pr\u00e9vue les 24 et 25 mars 2021. Selon Ali Wrak, secr\u00e9taire g\u00e9n\u00e9ral de la F\u00e9d\u00e9ration des technologies de l\u2019information et des services relevant de l\u2019Union g\u00e9n\u00e9rale tunisienne du travail (UGTT) et secr\u00e9taire g\u00e9n\u00e9ral du syndicat de base de la soci\u00e9t\u00e9, l\u2019accord stipule notamment la cr\u00e9ation de deux nouvelles primes (de Aid el Idha et Aid el Fitr) au profit des diff\u00e9rents employ\u00e9s. Et ce, en plus d\u2019une augmentation de la prime de l\u2019anciennet\u00e9.<\/p>\n<p class=\"news_item_view_plain_text\">Rappelons que, le syndicat avait tenu des mouvements de protestation r\u00e9cemment au sein de cette soci\u00e9t\u00e9. En plus d\u2019un pr\u00e9avis de gr\u00e8ve publi\u00e9 le 12 mars courant pour annoncer une gr\u00e8ve les 24 et 25 mars.<\/p>\n<p><em>Avec TAP<\/em><\/p>\n<\/div>\n<footer>\n<\/footer>\n<div class=\"wp-post-author-wrap wp-post-author-shortcode left\">\n<h3 class=\"awpa-title\"\/>\n<div class=\"wp-post-author\">\n<div class=\"awpa-img awpa-author-block square\"><a href=\"http:\/\/lexpertjournal.net\/fr\/?author=5\"><img loading=\"lazy\" decoding=\"async\" alt=\"\" src=\"http:\/\/0.gravatar.com\/avatar\/97f8e10a1c1125ba104a76514ee07b16?s=150&amp;d=mm&amp;r=g\" srcset=\"http:\/\/0.gravatar.com\/avatar\/97f8e10a1c1125ba104a76514ee07b16?s=300&amp;d=mm&amp;r=g 2x\" class=\"avatar avatar-150 photo\" height=\"150\" width=\"150\"\/><\/a><\/div>\n<\/div>\n<\/div>\n<aside class=\"mashsb-container mashsb-main mashsb-stretched\">\n<\/aside>\n<p>Auteur: L&rsquo;expert<br \/>\n<a href=\"http:\/\/lexpertjournal.net\/fr\/?p=19408\">Cliquez ici pour lire l&rsquo;article depuis sa source.<\/a><\/p>\n","protected":false},"excerpt":{"rendered":"<p>Le directeur g\u00e9n\u00e9ral de la soci\u00e9t\u00e9 T\u00e9l\u00e9performance et les repr\u00e9sentants du syndicat de base de\u00a0cette soci\u00e9t\u00e9 fran\u00e7aise\u00a0ont sign\u00e9 un accord. Et ce, le mardi 23 mars 2021, au si\u00e8ge du\u00a0minist\u00e8re des Affaires sociales. Selon cet accord, l\u2019entreprise fran\u00e7aise accordera une augmentation de 7% au niveau des salaires des employ\u00e9s de la soci\u00e9t\u00e9 T\u00e9l\u00e9performance, au titre [&hellip;]<\/p>\n","protected":false},"author":1775,"featured_media":0,"comment_status":"closed","ping_status":"closed","sticky":false,"template":"","format":"standard","meta":{"fifu_image_url":"http:\/\/0.gravatar.com\/avatar\/97f8e10a1c1125ba104a76514ee07b16?s=150&d=mm&r=g","fifu_image_alt":"T\u00e9l\u00e9performance : augmentation de salaire et cr\u00e9ation de nouvelles primes","footnotes":""},"categories":[78,55],"tags":[],"class_list":["post-113628","post","type-post","status-publish","format-standard","hentry","category-economie","category-tunisie"],"_links":{"self":[{"href":"https:\/\/linitiative.ca\/International\/wp-json\/wp\/v2\/posts\/113628","targetHints":{"allow":["GET"]}}],"collection":[{"href":"https:\/\/linitiative.ca\/International\/wp-json\/wp\/v2\/posts"}],"about":[{"href":"https:\/\/linitiative.ca\/International\/wp-json\/wp\/v2\/types\/post"}],"author":[{"embeddable":true,"href":"https:\/\/linitiative.ca\/International\/wp-json\/wp\/v2\/users\/1775"}],"replies":[{"embeddable":true,"href":"https:\/\/linitiative.ca\/International\/wp-json\/wp\/v2\/comments?post=113628"}],"version-history":[{"count":0,"href":"https:\/\/linitiative.ca\/International\/wp-json\/wp\/v2\/posts\/113628\/revisions"}],"wp:attachment":[{"href":"https:\/\/linitiative.ca\/International\/wp-json\/wp\/v2\/media?parent=113628"}],"wp:term":[{"taxonomy":"category","embeddable":true,"href":"https:\/\/linitiative.ca\/International\/wp-json\/wp\/v2\/categories?post=113628"},{"taxonomy":"post_tag","embeddable":true,"href":"https:\/\/linitiative.ca\/International\/wp-json\/wp\/v2\/tags?post=113628"}],"curies":[{"name":"wp","href":"https:\/\/api.w.org\/{rel}","templated":true}]}}