{"id":113633,"date":"2021-03-24T11:30:00","date_gmt":"2021-03-24T15:30:00","guid":{"rendered":"https:\/\/linitiative.ca\/International\/macron-promulgue-la-loi-autorisant-lextradition-entre-la-france-et-lalgerie\/"},"modified":"2021-03-24T11:30:00","modified_gmt":"2021-03-24T15:30:00","slug":"macron-promulgue-la-loi-autorisant-lextradition-entre-la-france-et-lalgerie","status":"publish","type":"post","link":"https:\/\/linitiative.ca\/International\/macron-promulgue-la-loi-autorisant-lextradition-entre-la-france-et-lalgerie\/","title":{"rendered":"Macron promulgue la loi autorisant l\u2019extradition entre la France et l\u2019Alg\u00e9rie"},"content":{"rendered":"<div id=\"originalText\" readability=\"49\">\n<p>Le pr\u00e9sident Emmanuel Macron vient d\u2019autoriser \u00abl\u2019approbation de la convention d\u2019extradition entre le gouvernement de la r\u00e9publique fran\u00e7aise et le gouvernement de la r\u00e9publique alg\u00e9rienne d\u00e9mocratique et populaire, sign\u00e9e \u00e0 Alger le 27 janvier 2019\u2026\u00a0\u00bb, selon un document officiel publi\u00e9 sur L\u00e9gifrance, le site internet officiel du gouvernement fran\u00e7ais pour la diffusion des textes l\u00e9gislatifs et r\u00e9glementaires.<\/p>\n<p>Adopt\u00e9e par le l\u2019Assembl\u00e9e national et le S\u00e9nat fran\u00e7ais, la loi n\u00b02021-302 du 22 mars 2021 autorisant l&rsquo;approbation de la convention d&rsquo;extradition entre les deux pays,\u00a0officiellement promulgu\u00e9e, lundi, par Emmanuel Macron, sera ex\u00e9cut\u00e9e comme \u00ab\u00a0loi de l\u2019Etat\u00a0\u00bb, pr\u00e9cise le m\u00eame document.<\/p>\n<p class=\"c6\"><strong>R\u00e9daction Web \u00a0<\/strong><\/p>\n<\/div>\n<div id=\"text_core\" readability=\"49\">\n<p>Le pr\u00e9sident Emmanuel Macron vient d\u2019autoriser \u00abl\u2019approbation de la convention d\u2019extradition entre le gouvernement de la r\u00e9publique fran\u00e7aise et le gouvernement de la r\u00e9publique alg\u00e9rienne d\u00e9mocratique et populaire, sign\u00e9e \u00e0 Alger le 27 janvier 2019\u2026\u00a0\u00bb, selon un document officiel publi\u00e9 sur L\u00e9gifrance, le site internet officiel du gouvernement fran\u00e7ais pour la diffusion des textes l\u00e9gislatifs et r\u00e9glementaires.<\/p>\n<p>Adopt\u00e9e par le l\u2019Assembl\u00e9e national et le S\u00e9nat fran\u00e7ais, la loi n\u00b02021-302 du 22 mars 2021 autorisant l&rsquo;approbation de la convention d&rsquo;extradition entre les deux pays,\u00a0officiellement promulgu\u00e9e, lundi, par Emmanuel Macron, sera ex\u00e9cut\u00e9e comme \u00ab\u00a0loi de l\u2019Etat\u00a0\u00bb, pr\u00e9cise le m\u00eame document.<\/p>\n<p class=\"c6\"><strong>R\u00e9daction Web \u00a0<\/strong><\/p>\n<\/div>\n<p>Auteur:<br \/>\n<a href=\"https:\/\/www.liberte-algerie.com\/actualite\/macron-promulgue-la-loi-autorisant-lextradition-entre-la-france-et-lalgerie-356098\">Cliquez ici pour lire l&rsquo;article depuis sa source.<\/a><\/p>\n","protected":false},"excerpt":{"rendered":"<p>Le pr\u00e9sident Emmanuel Macron vient d\u2019autoriser \u00abl\u2019approbation de la convention d\u2019extradition entre le gouvernement de la r\u00e9publique fran\u00e7aise et le gouvernement de la r\u00e9publique alg\u00e9rienne d\u00e9mocratique et populaire, sign\u00e9e \u00e0 Alger le 27 janvier 2019\u2026\u00a0\u00bb, selon un document officiel publi\u00e9 sur L\u00e9gifrance, le site internet officiel du gouvernement fran\u00e7ais pour la diffusion des textes l\u00e9gislatifs [&hellip;]<\/p>\n","protected":false},"author":1742,"featured_media":0,"comment_status":"closed","ping_status":"closed","sticky":false,"template":"","format":"standard","meta":{"fifu_image_url":"","fifu_image_alt":"","footnotes":""},"categories":[73,53],"tags":[],"class_list":["post-113633","post","type-post","status-publish","format-standard","hentry","category-actualite","category-algerie"],"_links":{"self":[{"href":"https:\/\/linitiative.ca\/International\/wp-json\/wp\/v2\/posts\/113633","targetHints":{"allow":["GET"]}}],"collection":[{"href":"https:\/\/linitiative.ca\/International\/wp-json\/wp\/v2\/posts"}],"about":[{"href":"https:\/\/linitiative.ca\/International\/wp-json\/wp\/v2\/types\/post"}],"author":[{"embeddable":true,"href":"https:\/\/linitiative.ca\/International\/wp-json\/wp\/v2\/users\/1742"}],"replies":[{"embeddable":true,"href":"https:\/\/linitiative.ca\/International\/wp-json\/wp\/v2\/comments?post=113633"}],"version-history":[{"count":0,"href":"https:\/\/linitiative.ca\/International\/wp-json\/wp\/v2\/posts\/113633\/revisions"}],"wp:attachment":[{"href":"https:\/\/linitiative.ca\/International\/wp-json\/wp\/v2\/media?parent=113633"}],"wp:term":[{"taxonomy":"category","embeddable":true,"href":"https:\/\/linitiative.ca\/International\/wp-json\/wp\/v2\/categories?post=113633"},{"taxonomy":"post_tag","embeddable":true,"href":"https:\/\/linitiative.ca\/International\/wp-json\/wp\/v2\/tags?post=113633"}],"curies":[{"name":"wp","href":"https:\/\/api.w.org\/{rel}","templated":true}]}}