{"id":113634,"date":"2021-03-23T15:38:58","date_gmt":"2021-03-23T19:38:58","guid":{"rendered":"https:\/\/linitiative.ca\/International\/oujda-octroie-des-bourses-de-lenseignement-superieur\/"},"modified":"2021-03-23T15:38:58","modified_gmt":"2021-03-23T19:38:58","slug":"oujda-octroie-des-bourses-de-lenseignement-superieur","status":"publish","type":"post","link":"https:\/\/linitiative.ca\/International\/oujda-octroie-des-bourses-de-lenseignement-superieur\/","title":{"rendered":"Oujda : Octroie des bourses de l\u2019enseignement sup\u00e9rieur"},"content":{"rendered":"<div class=\"single-featured\"><img alt=\"\" data-src=\"http:\/\/www.mapoujda.ma\/map\/uploads\/2021\/03\/La-Wilaya-de-lOriental-M750\u00d7430-DR.jpg\"\/><\/div>\n<div class=\"entry-content clearfix single-post-content\" readability=\"50\">\n<p class=\"c4\">La pr\u00e9fecture de la province d\u2019Oujda-Angad a annonc\u00e9 que la commission pr\u00e9fectorale charg\u00e9e de statuer sur les dossiers de candidature pour b\u00e9n\u00e9ficier des bourses destin\u00e9es \u00e0 l\u2019enseignement sup\u00e9rieur et \u00e0 la formation professionnelle au titre de l\u2019ann\u00e9e 2020-2021 a tenu r\u00e9cemment sa troisi\u00e8me r\u00e9union, apr\u00e8s avoir re\u00e7u un lot suppl\u00e9mentaire de 290 bourses.<\/p>\n<p class=\"c4\">La commission a ainsi rendu ses d\u00e9cisions concernant les demandes et les requ\u00eates restantes depuis les deux premi\u00e8res d\u00e9cisions, indique un communiqu\u00e9 de la wilaya de l\u2019Oriental, ajoutant que, compte tenu du contexte sanitaire li\u00e9 \u00e0 la pand\u00e9mie de la Covid-19, les listes des b\u00e9n\u00e9ficiaires retenus seront affich\u00e9es de mani\u00e8re partielle dans les si\u00e8ges des annexes administratives et ca\u00efdats dont rel\u00e8vent les b\u00e9n\u00e9ficiaires.<\/p>\n<p class=\"c4\">La liste compl\u00e8te des b\u00e9n\u00e9ficiaires de la bourse est publi\u00e9e, quant \u00e0 elle sur la page Facebook officielle de la direction provinciale de l\u2019Education nationale de la pr\u00e9fecture d\u2019Oujda-Angad.<\/p>\n<\/div>\n<p>Auteur: Soufiane ELAHMAR<br \/>\n<a href=\"http:\/\/www.mapoujda.ma\/fr\/oujda-octroie-des-bourses-de-lenseignement-superieur\/\">Cliquez ici pour lire l&rsquo;article depuis sa source.<\/a><\/p>\n","protected":false},"excerpt":{"rendered":"<p>La pr\u00e9fecture de la province d\u2019Oujda-Angad a annonc\u00e9 que la commission pr\u00e9fectorale charg\u00e9e de statuer sur les dossiers de candidature pour b\u00e9n\u00e9ficier des bourses destin\u00e9es \u00e0 l\u2019enseignement sup\u00e9rieur et \u00e0 la formation professionnelle au titre de l\u2019ann\u00e9e 2020-2021 a tenu r\u00e9cemment sa troisi\u00e8me r\u00e9union, apr\u00e8s avoir re\u00e7u un lot suppl\u00e9mentaire de 290 bourses. La commission [&hellip;]<\/p>\n","protected":false},"author":1788,"featured_media":0,"comment_status":"closed","ping_status":"closed","sticky":false,"template":"","format":"standard","meta":{"fifu_image_url":"http:\/\/www.mapoujda.ma\/map\/uploads\/2021\/03\/La-Wilaya-de-lOriental-M750\u00d7430-DR.jpg","fifu_image_alt":"Oujda : Octroie des bourses de l\u2019enseignement sup\u00e9rieur","footnotes":""},"categories":[54,76],"tags":[],"class_list":["post-113634","post","type-post","status-publish","format-standard","hentry","category-maroc","category-regions"],"_links":{"self":[{"href":"https:\/\/linitiative.ca\/International\/wp-json\/wp\/v2\/posts\/113634","targetHints":{"allow":["GET"]}}],"collection":[{"href":"https:\/\/linitiative.ca\/International\/wp-json\/wp\/v2\/posts"}],"about":[{"href":"https:\/\/linitiative.ca\/International\/wp-json\/wp\/v2\/types\/post"}],"author":[{"embeddable":true,"href":"https:\/\/linitiative.ca\/International\/wp-json\/wp\/v2\/users\/1788"}],"replies":[{"embeddable":true,"href":"https:\/\/linitiative.ca\/International\/wp-json\/wp\/v2\/comments?post=113634"}],"version-history":[{"count":0,"href":"https:\/\/linitiative.ca\/International\/wp-json\/wp\/v2\/posts\/113634\/revisions"}],"wp:attachment":[{"href":"https:\/\/linitiative.ca\/International\/wp-json\/wp\/v2\/media?parent=113634"}],"wp:term":[{"taxonomy":"category","embeddable":true,"href":"https:\/\/linitiative.ca\/International\/wp-json\/wp\/v2\/categories?post=113634"},{"taxonomy":"post_tag","embeddable":true,"href":"https:\/\/linitiative.ca\/International\/wp-json\/wp\/v2\/tags?post=113634"}],"curies":[{"name":"wp","href":"https:\/\/api.w.org\/{rel}","templated":true}]}}