{"id":113638,"date":"2021-03-24T13:14:58","date_gmt":"2021-03-24T17:14:58","guid":{"rendered":"https:\/\/linitiative.ca\/International\/le-2e-festival-national-du-court-metrage-doujda-du-01-au-05-avril\/"},"modified":"2021-03-24T13:14:58","modified_gmt":"2021-03-24T17:14:58","slug":"le-2e-festival-national-du-court-metrage-doujda-du-01-au-05-avril","status":"publish","type":"post","link":"https:\/\/linitiative.ca\/International\/le-2e-festival-national-du-court-metrage-doujda-du-01-au-05-avril\/","title":{"rendered":"Le 2\u00e8 Festival national du court-m\u00e9trage d\u2019Oujda, du 01 au 05 avril"},"content":{"rendered":"<p class=\"c4\">La deuxi\u00e8me \u00e9dition du Festival national du court-m\u00e9trage d\u2019Oujda aura lieu du 01 au 05 avril prochain, sous le th\u00e8me \u00ab\u00a0Le cin\u00e9ma au service des jeunes\u00a0\u00bb.<\/p>\n<p class=\"c4\">Organis\u00e9e par l\u2019association Hna Houma Hna pour le cin\u00e9ma et le th\u00e9\u00e2tre, cette \u00e9dition qui porte le nom de feu Abdeljebbar Louzir, le c\u00e9l\u00e8bre com\u00e9dien marocain d\u00e9c\u00e9d\u00e9 en septembre dernier, se d\u00e9roulera en mode virtuel en raison du contexte exceptionnel marqu\u00e9 par la Covid-19.<\/p>\n<p class=\"c4\">Dix films repr\u00e9sentant diff\u00e9rentes r\u00e9gions du Maroc seront en comp\u00e9tition pour le Grand prix de ce festival, dont le jury sera compos\u00e9 notamment du critique de cin\u00e9ma, Abdelkarim Ouakrim, du r\u00e9alisateur Mohamed Taha Benslimane et de l\u2019actrice Khouloud Bettioui.<\/p>\n<p class=\"c4\">Pour les organisateurs, cet \u00e9v\u00e9nement cin\u00e9matographique tend \u00e0 enrichir la sc\u00e8ne culturelle dans la r\u00e9gion de l\u2019Oriental, et \u00e0 favoriser l\u2019int\u00e9gration des jeunes talents dans le domaine du cin\u00e9ma en particulier, et dans les activit\u00e9s culturelles en g\u00e9n\u00e9ral, tant au niveau local qu\u2019\u00e0 l\u2019\u00e9chelon national.<\/p>\n<p class=\"c4\">Le festival vise \u00e9galement \u00e0 mettre en avant les sp\u00e9cificit\u00e9s et les richesses culturelles et artistiques qui caract\u00e9risent les diff\u00e9rentes r\u00e9gions du Royaume, ainsi que les comp\u00e9tences et le savoir-faire dont jouissent les jeunes cin\u00e9astes marocains.<\/p>\n<p class=\"c4\">Outre la projection de films, le programme de cette seconde \u00e9dition comporte des hommages \u00e0 des personnalit\u00e9s connues et reconnues sur la sc\u00e8ne artistique, des ateliers sur certains m\u00e9tiers du cin\u00e9ma, le d\u00e9cor en particulier, encadr\u00e9s par l\u2019artiste Youssef Chettati, en sus d\u2019une table ronde sur le cin\u00e9ma et les jeunes et d\u2019un master class, anim\u00e9s respectivement par le professeur Mustapha Remdani et le critique de cin\u00e9ma marocain Abdelkarim Ouakrim.<\/p>\n<p>Auteur: Soufiane ELAHMAR<br \/>\n<a href=\"http:\/\/www.mapoujda.ma\/fr\/le-2e-festival-national-du-court-metrage-doujda-du-01-au-05-avril\/\">Cliquez ici pour lire l&rsquo;article depuis sa source.<\/a><\/p>\n","protected":false},"excerpt":{"rendered":"<p>La deuxi\u00e8me \u00e9dition du Festival national du court-m\u00e9trage d\u2019Oujda aura lieu du 01 au 05 avril prochain, sous le th\u00e8me \u00ab\u00a0Le cin\u00e9ma au service des jeunes\u00a0\u00bb. Organis\u00e9e par l\u2019association Hna Houma Hna pour le cin\u00e9ma et le th\u00e9\u00e2tre, cette \u00e9dition qui porte le nom de feu Abdeljebbar Louzir, le c\u00e9l\u00e8bre com\u00e9dien marocain d\u00e9c\u00e9d\u00e9 en septembre [&hellip;]<\/p>\n","protected":false},"author":1788,"featured_media":0,"comment_status":"closed","ping_status":"closed","sticky":false,"template":"","format":"standard","meta":{"fifu_image_url":"","fifu_image_alt":"","footnotes":""},"categories":[54,76],"tags":[],"class_list":["post-113638","post","type-post","status-publish","format-standard","hentry","category-maroc","category-regions"],"_links":{"self":[{"href":"https:\/\/linitiative.ca\/International\/wp-json\/wp\/v2\/posts\/113638","targetHints":{"allow":["GET"]}}],"collection":[{"href":"https:\/\/linitiative.ca\/International\/wp-json\/wp\/v2\/posts"}],"about":[{"href":"https:\/\/linitiative.ca\/International\/wp-json\/wp\/v2\/types\/post"}],"author":[{"embeddable":true,"href":"https:\/\/linitiative.ca\/International\/wp-json\/wp\/v2\/users\/1788"}],"replies":[{"embeddable":true,"href":"https:\/\/linitiative.ca\/International\/wp-json\/wp\/v2\/comments?post=113638"}],"version-history":[{"count":0,"href":"https:\/\/linitiative.ca\/International\/wp-json\/wp\/v2\/posts\/113638\/revisions"}],"wp:attachment":[{"href":"https:\/\/linitiative.ca\/International\/wp-json\/wp\/v2\/media?parent=113638"}],"wp:term":[{"taxonomy":"category","embeddable":true,"href":"https:\/\/linitiative.ca\/International\/wp-json\/wp\/v2\/categories?post=113638"},{"taxonomy":"post_tag","embeddable":true,"href":"https:\/\/linitiative.ca\/International\/wp-json\/wp\/v2\/tags?post=113638"}],"curies":[{"name":"wp","href":"https:\/\/api.w.org\/{rel}","templated":true}]}}