{"id":113639,"date":"2021-03-24T10:48:39","date_gmt":"2021-03-24T14:48:39","guid":{"rendered":"https:\/\/linitiative.ca\/International\/jet-contractors-baisse-du-ca-en-2020\/"},"modified":"2021-03-24T10:48:39","modified_gmt":"2021-03-24T14:48:39","slug":"jet-contractors-baisse-du-ca-en-2020","status":"publish","type":"post","link":"https:\/\/linitiative.ca\/International\/jet-contractors-baisse-du-ca-en-2020\/","title":{"rendered":"Jet Contractors: Baisse du CA en 2020"},"content":{"rendered":"<p class=\"rtejustify\">Jet Contractors a r\u00e9alis\u00e9 un chiffre d&rsquo;affaires de 1,458 milliard de dirhams (MMDH) \u00e0 fin d\u00e9cembre 2020, contre 1,712 MMDH en 2019, soit une baisse de 14,84%.<\/p>\n<p class=\"rtejustify\">Le r\u00e9sultat net est pass\u00e9 de 122 millions de dirhams (MDH) en 2019 \u00e0 2,9 MDH en 2020, indique l&rsquo;entreprise dans un communiqu\u00e9 sur ses r\u00e9sultats financiers annuels, notant que malgr\u00e9 ce contexte de crise sanitaire li\u00e9e \u00e0 Covid-19, elle a r\u00e9ussi \u00e0 maintenir la progression du carnet de commandes en s\u2019adjugeant 27 nouveaux projets pour un montant de 2,25 MMDH en 2020. Le carnet de commandes groupe restant \u00e0 ex\u00e9cuter s&rsquo;\u00e9tablit \u00e0 2,545 MMDH \u00e0 fin d\u00e9cembre 2020, rel\u00e8ve la m\u00eame source, ajoutant que le groupe poursuit sa diversification g\u00e9ographique et enregistre un carnet de commandes de pr\u00e8s de 30% \u00e0 l\u2019export.<\/p>\n<p class=\"rtejustify\">Ainsi, Jet Contractors devrait pouvoir b\u00e9n\u00e9ficier de la reprise de l\u2019activit\u00e9 de l\u2019apr\u00e8s-Covid en s\u2019appuyant d\u2019une part, sur les actions entreprises par les pouvoirs publics pour la relance de l\u2019\u00e9conomie ainsi que les investissements r\u00e9alis\u00e9s dans des secteurs \u00e0 fort potentiel de d\u00e9veloppement, \u00e0 savoir, le solaire et les constructions \u00e0 faible empreinte carbone, et d\u2019autre part sur l\u2019am\u00e9lioration du carnet de commandes dans ces conditions difficiles, le d\u00e9veloppement de l\u2019activit\u00e9 fa\u00e7ade \u00e0 l\u2019international, la consolidation du TCE (tout corps d\u2019\u00e9tat) dans le groupe.<\/p>\n<p class=\"rtejustify\">\u00a0<\/p>\n<p>Auteur: mbasraoui<br \/>\n<a href=\"https:\/\/www.leconomiste.com\/flash-infos\/jet-contractors-baisse-du-ca-en-2020\">Cliquez ici pour lire l&rsquo;article depuis sa source.<\/a><\/p>\n","protected":false},"excerpt":{"rendered":"<p>Jet Contractors a r\u00e9alis\u00e9 un chiffre d&rsquo;affaires de 1,458 milliard de dirhams (MMDH) \u00e0 fin d\u00e9cembre 2020, contre 1,712 MMDH en 2019, soit une baisse de 14,84%. Le r\u00e9sultat net est pass\u00e9 de 122 millions de dirhams (MDH) en 2019 \u00e0 2,9 MDH en 2020, indique l&rsquo;entreprise dans un communiqu\u00e9 sur ses r\u00e9sultats financiers annuels, [&hellip;]<\/p>\n","protected":false},"author":1763,"featured_media":0,"comment_status":"closed","ping_status":"closed","sticky":false,"template":"","format":"standard","meta":{"fifu_image_url":"","fifu_image_alt":"","footnotes":""},"categories":[78,54],"tags":[],"class_list":["post-113639","post","type-post","status-publish","format-standard","hentry","category-economie","category-maroc"],"_links":{"self":[{"href":"https:\/\/linitiative.ca\/International\/wp-json\/wp\/v2\/posts\/113639","targetHints":{"allow":["GET"]}}],"collection":[{"href":"https:\/\/linitiative.ca\/International\/wp-json\/wp\/v2\/posts"}],"about":[{"href":"https:\/\/linitiative.ca\/International\/wp-json\/wp\/v2\/types\/post"}],"author":[{"embeddable":true,"href":"https:\/\/linitiative.ca\/International\/wp-json\/wp\/v2\/users\/1763"}],"replies":[{"embeddable":true,"href":"https:\/\/linitiative.ca\/International\/wp-json\/wp\/v2\/comments?post=113639"}],"version-history":[{"count":0,"href":"https:\/\/linitiative.ca\/International\/wp-json\/wp\/v2\/posts\/113639\/revisions"}],"wp:attachment":[{"href":"https:\/\/linitiative.ca\/International\/wp-json\/wp\/v2\/media?parent=113639"}],"wp:term":[{"taxonomy":"category","embeddable":true,"href":"https:\/\/linitiative.ca\/International\/wp-json\/wp\/v2\/categories?post=113639"},{"taxonomy":"post_tag","embeddable":true,"href":"https:\/\/linitiative.ca\/International\/wp-json\/wp\/v2\/tags?post=113639"}],"curies":[{"name":"wp","href":"https:\/\/api.w.org\/{rel}","templated":true}]}}