{"id":113640,"date":"2021-03-24T10:50:15","date_gmt":"2021-03-24T14:50:15","guid":{"rendered":"https:\/\/linitiative.ca\/International\/bvc-suspension-de-cotation-de-nexans-maroc\/"},"modified":"2021-03-24T10:50:15","modified_gmt":"2021-03-24T14:50:15","slug":"bvc-suspension-de-cotation-de-nexans-maroc","status":"publish","type":"post","link":"https:\/\/linitiative.ca\/International\/bvc-suspension-de-cotation-de-nexans-maroc\/","title":{"rendered":"BVC: Suspension de cotation de Nexans Maroc"},"content":{"rendered":"<p class=\"rtejustify\">La cotation des titres de capital de la soci\u00e9t\u00e9 Nexans Maroc a \u00e9t\u00e9 suspendue \u00e0 partir de ce mercredi 24 mars 2021, a annonc\u00e9 la Bourse de Casablanca.<\/p>\n<p class=\"rtejustify\">\u00ab\u00a0Suite \u00e0 la demande de l&rsquo;Autorit\u00e9 Marocaine du March\u00e9 des Capitaux, la cotation des titres de capital de la soci\u00e9t\u00e9 Nexans Maroc est suspendue \u00e0 partir du 24\/03\/2021, et ce en attente de publication d&rsquo;informations importantes\u00a0\u00bb, indique la Bourse.<\/p>\n<p class=\"rtejustify\">\u00a0<\/p>\n<p>Auteur: mbasraoui<br \/>\n<a href=\"https:\/\/www.leconomiste.com\/flash-infos\/bvc-suspension-de-cotation-de-nexans-maroc\">Cliquez ici pour lire l&rsquo;article depuis sa source.<\/a><\/p>\n","protected":false},"excerpt":{"rendered":"<p>La cotation des titres de capital de la soci\u00e9t\u00e9 Nexans Maroc a \u00e9t\u00e9 suspendue \u00e0 partir de ce mercredi 24 mars 2021, a annonc\u00e9 la Bourse de Casablanca. \u00ab\u00a0Suite \u00e0 la demande de l&rsquo;Autorit\u00e9 Marocaine du March\u00e9 des Capitaux, la cotation des titres de capital de la soci\u00e9t\u00e9 Nexans Maroc est suspendue \u00e0 partir du [&hellip;]<\/p>\n","protected":false},"author":1763,"featured_media":0,"comment_status":"closed","ping_status":"closed","sticky":false,"template":"","format":"standard","meta":{"fifu_image_url":"","fifu_image_alt":"","footnotes":""},"categories":[78,54],"tags":[],"class_list":["post-113640","post","type-post","status-publish","format-standard","hentry","category-economie","category-maroc"],"_links":{"self":[{"href":"https:\/\/linitiative.ca\/International\/wp-json\/wp\/v2\/posts\/113640","targetHints":{"allow":["GET"]}}],"collection":[{"href":"https:\/\/linitiative.ca\/International\/wp-json\/wp\/v2\/posts"}],"about":[{"href":"https:\/\/linitiative.ca\/International\/wp-json\/wp\/v2\/types\/post"}],"author":[{"embeddable":true,"href":"https:\/\/linitiative.ca\/International\/wp-json\/wp\/v2\/users\/1763"}],"replies":[{"embeddable":true,"href":"https:\/\/linitiative.ca\/International\/wp-json\/wp\/v2\/comments?post=113640"}],"version-history":[{"count":0,"href":"https:\/\/linitiative.ca\/International\/wp-json\/wp\/v2\/posts\/113640\/revisions"}],"wp:attachment":[{"href":"https:\/\/linitiative.ca\/International\/wp-json\/wp\/v2\/media?parent=113640"}],"wp:term":[{"taxonomy":"category","embeddable":true,"href":"https:\/\/linitiative.ca\/International\/wp-json\/wp\/v2\/categories?post=113640"},{"taxonomy":"post_tag","embeddable":true,"href":"https:\/\/linitiative.ca\/International\/wp-json\/wp\/v2\/tags?post=113640"}],"curies":[{"name":"wp","href":"https:\/\/api.w.org\/{rel}","templated":true}]}}