{"id":113641,"date":"2021-03-24T11:48:39","date_gmt":"2021-03-24T15:48:39","guid":{"rendered":"https:\/\/linitiative.ca\/International\/securite-routiere-total-maroc-et-la-fondation-sanady-sensibilisent\/"},"modified":"2021-03-24T11:48:39","modified_gmt":"2021-03-24T15:48:39","slug":"securite-routiere-total-maroc-et-la-fondation-sanady-sensibilisent","status":"publish","type":"post","link":"https:\/\/linitiative.ca\/International\/securite-routiere-total-maroc-et-la-fondation-sanady-sensibilisent\/","title":{"rendered":"S\u00e9curit\u00e9 routi\u00e8re: Total Maroc et la Fondation Sanady sensibilisent"},"content":{"rendered":"<p class=\"rtejustify\">Total Maroc et la Fondation Sanady s\u2019allient pour la s\u00e9curit\u00e9 routi\u00e8re. Les deux ont scell\u00e9 un partenariat pour d\u00e9ployer un programme d\u2019\u00e9ducation \u00e0 la s\u00e9curit\u00e9 routi\u00e8re d\u00e9nomm\u00e9 \u00ab\u00a0VIA\u00a0\u00bb, destin\u00e9 aux coll\u00e9giens et lyc\u00e9ens \u00e2g\u00e9s de 10 \u00e0 18 ans. Au Maroc, quelque 1.200 \u00e9l\u00e8ves seront touch\u00e9s par cette op\u00e9ration qui sera men\u00e9e dans 14 \u00e9coles.<\/p>\n<p class=\"rtejustify\">Rappelons que le Royaume enregistr\u00e9 en moyenne 3500 d\u00e9c\u00e8s caus\u00e9s par les accidents routiers chaque ann\u00e9e, m\u00eame si des progr\u00e8s ont \u00e9t\u00e9 r\u00e9alis\u00e9s depuis 2017.<\/p>\n<p class=\"rtejustify\">Le programme \u00ab\u00a0VIA\u00a0\u00bb, cr\u00e9\u00e9 en 2018 par les fondations d\u2019Entreprises Total et Michelin, est actuellement d\u00e9ploy\u00e9 dans neuf pays, r\u00e9partis sur trois continents. Objectif: toucher 100.000 jeunes sur une p\u00e9riode de trois ans.<\/p>\n<p class=\"rtejustify\">\u00a0<\/p>\n<p>Auteur: mbasraoui<br \/>\n<a href=\"https:\/\/www.leconomiste.com\/flash-infos\/securite-routiere-total-maroc-et-la-fondation-sanady-sensibilisent\">Cliquez ici pour lire l&rsquo;article depuis sa source.<\/a><\/p>\n","protected":false},"excerpt":{"rendered":"<p>Total Maroc et la Fondation Sanady s\u2019allient pour la s\u00e9curit\u00e9 routi\u00e8re. Les deux ont scell\u00e9 un partenariat pour d\u00e9ployer un programme d\u2019\u00e9ducation \u00e0 la s\u00e9curit\u00e9 routi\u00e8re d\u00e9nomm\u00e9 \u00ab\u00a0VIA\u00a0\u00bb, destin\u00e9 aux coll\u00e9giens et lyc\u00e9ens \u00e2g\u00e9s de 10 \u00e0 18 ans. Au Maroc, quelque 1.200 \u00e9l\u00e8ves seront touch\u00e9s par cette op\u00e9ration qui sera men\u00e9e dans 14 \u00e9coles. [&hellip;]<\/p>\n","protected":false},"author":1763,"featured_media":0,"comment_status":"closed","ping_status":"closed","sticky":false,"template":"","format":"standard","meta":{"fifu_image_url":"","fifu_image_alt":"","footnotes":""},"categories":[78,54],"tags":[],"class_list":["post-113641","post","type-post","status-publish","format-standard","hentry","category-economie","category-maroc"],"_links":{"self":[{"href":"https:\/\/linitiative.ca\/International\/wp-json\/wp\/v2\/posts\/113641","targetHints":{"allow":["GET"]}}],"collection":[{"href":"https:\/\/linitiative.ca\/International\/wp-json\/wp\/v2\/posts"}],"about":[{"href":"https:\/\/linitiative.ca\/International\/wp-json\/wp\/v2\/types\/post"}],"author":[{"embeddable":true,"href":"https:\/\/linitiative.ca\/International\/wp-json\/wp\/v2\/users\/1763"}],"replies":[{"embeddable":true,"href":"https:\/\/linitiative.ca\/International\/wp-json\/wp\/v2\/comments?post=113641"}],"version-history":[{"count":0,"href":"https:\/\/linitiative.ca\/International\/wp-json\/wp\/v2\/posts\/113641\/revisions"}],"wp:attachment":[{"href":"https:\/\/linitiative.ca\/International\/wp-json\/wp\/v2\/media?parent=113641"}],"wp:term":[{"taxonomy":"category","embeddable":true,"href":"https:\/\/linitiative.ca\/International\/wp-json\/wp\/v2\/categories?post=113641"},{"taxonomy":"post_tag","embeddable":true,"href":"https:\/\/linitiative.ca\/International\/wp-json\/wp\/v2\/tags?post=113641"}],"curies":[{"name":"wp","href":"https:\/\/api.w.org\/{rel}","templated":true}]}}