{"id":113642,"date":"2021-03-24T12:29:33","date_gmt":"2021-03-24T16:29:33","guid":{"rendered":"https:\/\/linitiative.ca\/International\/agriculture-cam-signe-21-conventions-avec-les-parties-prenantes-du-secteur\/"},"modified":"2021-03-24T12:29:33","modified_gmt":"2021-03-24T16:29:33","slug":"agriculture-cam-signe-21-conventions-avec-les-parties-prenantes-du-secteur","status":"publish","type":"post","link":"https:\/\/linitiative.ca\/International\/agriculture-cam-signe-21-conventions-avec-les-parties-prenantes-du-secteur\/","title":{"rendered":"Agriculture: CAM signe 21 conventions avec les parties prenantes du secteur"},"content":{"rendered":"<p class=\"rtejustify\">Le Groupe Cr\u00e9dit Agricole du Maroc (GCAM) a conclu 21 conventions avec les parties prenantes du secteur agricole en marge d\u2019un symposium organis\u00e9, le 23 mars, sous le th\u00e8me \u00ab\u00a0G\u00e9n\u00e9ration Green : quel accompagnement par le Groupe Cr\u00e9dit Agricole du Maroc ?\u00a0\u00bb.<\/p>\n<p class=\"rtejustify\">Organis\u00e9 avec la Conf\u00e9d\u00e9ration marocaine de l\u2019agriculture et du d\u00e9veloppement rural (Comader), cet \u00e9v\u00e9nement vient ainsi cl\u00f4turer le cycle de rencontres initi\u00e9 par la banque en faveur des interprofessionnels du secteur. Le symposium vient aussi formaliser les engagements et les mesures d\u2019accompagnement mises en \u0153uvre par le GCAM. Les \u00e9changes ont port\u00e9 sur la place centrale de l\u2019agriculture et des politiques rurales dans les challenges \u00e9conomiques et sociaux \u00e0 venir, l\u2019\u00e9mergence de la classe moyenne rurale avec un focus sur l\u2019employabilit\u00e9 des jeunes, la transmission interg\u00e9n\u00e9rationnelle et les projets \u00e9manant des op\u00e9rations de Melkisation.<\/p>\n<p class=\"rtejustify\">Enfin, les participants ont abord\u00e9 la th\u00e9matique de la nouvelle g\u00e9n\u00e9ration de projets structurants dans le cadre de la strat\u00e9gie G\u00e9n\u00e9ration Green 2020-2030. Sur les 21 conventions sign\u00e9es, 18 concernent les interprofessions. Ces conventions visent \u00e0 accompagner l\u2019ensemble des fili\u00e8res dans l\u2019op\u00e9rationnalisation des objectifs fix\u00e9s dans le cadre de leurs contrats programmes 2021-2030 en facilitant l\u2019acc\u00e8s aux financements du Groupe CAM \u00e0 l\u2019ensemble des op\u00e9rateurs.<\/p>\n<p class=\"rtejustify\">\u00ab\u00a0Ces protocoles posent le cadre d\u2019accompagnement par le GCAM de chaque fili\u00e8re dans le cadre de la nouvelle strat\u00e9gie agricole \u00ab G\u00e9n\u00e9ration Green 2020-2030 \u00bb\u00a0\u00bb, indique la banque. Deux autres conventions quadripartites sign\u00e9es lient le minist\u00e8re de l\u2019Agriculture, la F\u00e9d\u00e9ration des Chambres d\u2019Agriculture du Maroc (FECAM), la Comader et le GCAM.<\/p>\n<p class=\"rtejustify\">Elles permettront d\u2019accompagner le d\u00e9ploiement de la nouvelle strat\u00e9gie agricole \u00ab\u00a0G\u00e9n\u00e9ration Green 2020-2030\u00a0\u00bb, notamment sur le volet de l\u2019entrepreneuriat des jeunes en milieu rural et le d\u00e9veloppement des fili\u00e8res agricoles. Enfin, la derni\u00e8re conven<span class=\"c4\">tion permettra de mettre en place un accompagnement financier en faveur des fili\u00e8res agricoles, afin de favoriser leur d\u00e9veloppement dans le cadre du d\u00e9ploiement de \u00ab\u00a0G\u00e9n\u00e9ration Green 2020-2030\u00a0\u00bb.<\/span><\/p>\n<p class=\"rtejustify\">\u00a0<\/p>\n<p class=\"rtejustify\">\u00a0<\/p>\n<p>Auteur: mbasraoui<br \/>\n<a href=\"https:\/\/www.leconomiste.com\/flash-infos\/agriculture-cam-signe-21-conventions-avec-les-parties-prenantes-du-secteur\">Cliquez ici pour lire l&rsquo;article depuis sa source.<\/a><\/p>\n","protected":false},"excerpt":{"rendered":"<p>Le Groupe Cr\u00e9dit Agricole du Maroc (GCAM) a conclu 21 conventions avec les parties prenantes du secteur agricole en marge d\u2019un symposium organis\u00e9, le 23 mars, sous le th\u00e8me \u00ab\u00a0G\u00e9n\u00e9ration Green : quel accompagnement par le Groupe Cr\u00e9dit Agricole du Maroc ?\u00a0\u00bb. Organis\u00e9 avec la Conf\u00e9d\u00e9ration marocaine de l\u2019agriculture et du d\u00e9veloppement rural (Comader), cet [&hellip;]<\/p>\n","protected":false},"author":1763,"featured_media":0,"comment_status":"closed","ping_status":"closed","sticky":false,"template":"","format":"standard","meta":{"fifu_image_url":"","fifu_image_alt":"","footnotes":""},"categories":[78,54],"tags":[],"class_list":["post-113642","post","type-post","status-publish","format-standard","hentry","category-economie","category-maroc"],"_links":{"self":[{"href":"https:\/\/linitiative.ca\/International\/wp-json\/wp\/v2\/posts\/113642","targetHints":{"allow":["GET"]}}],"collection":[{"href":"https:\/\/linitiative.ca\/International\/wp-json\/wp\/v2\/posts"}],"about":[{"href":"https:\/\/linitiative.ca\/International\/wp-json\/wp\/v2\/types\/post"}],"author":[{"embeddable":true,"href":"https:\/\/linitiative.ca\/International\/wp-json\/wp\/v2\/users\/1763"}],"replies":[{"embeddable":true,"href":"https:\/\/linitiative.ca\/International\/wp-json\/wp\/v2\/comments?post=113642"}],"version-history":[{"count":0,"href":"https:\/\/linitiative.ca\/International\/wp-json\/wp\/v2\/posts\/113642\/revisions"}],"wp:attachment":[{"href":"https:\/\/linitiative.ca\/International\/wp-json\/wp\/v2\/media?parent=113642"}],"wp:term":[{"taxonomy":"category","embeddable":true,"href":"https:\/\/linitiative.ca\/International\/wp-json\/wp\/v2\/categories?post=113642"},{"taxonomy":"post_tag","embeddable":true,"href":"https:\/\/linitiative.ca\/International\/wp-json\/wp\/v2\/tags?post=113642"}],"curies":[{"name":"wp","href":"https:\/\/api.w.org\/{rel}","templated":true}]}}