{"id":113644,"date":"2021-03-24T15:14:04","date_gmt":"2021-03-24T19:14:04","guid":{"rendered":"https:\/\/linitiative.ca\/International\/pros-manchester-city-mahrez-ne-voudrait-pas-prolonger-son-contrat-avec-les-citizens\/"},"modified":"2021-03-24T15:14:04","modified_gmt":"2021-03-24T19:14:04","slug":"pros-manchester-city-mahrez-ne-voudrait-pas-prolonger-son-contrat-avec-les-citizens","status":"publish","type":"post","link":"https:\/\/linitiative.ca\/International\/pros-manchester-city-mahrez-ne-voudrait-pas-prolonger-son-contrat-avec-les-citizens\/","title":{"rendered":"Pros : Manchester City: Mahrez ne voudrait pas prolonger son contrat avec les Citizens"},"content":{"rendered":"<div readability=\"32\">\n<p>Auteur : <span class=\"time\">mercredi 24 mars 2021 10:55<\/span><\/p>\n<\/div>\n<div id=\"post_core\" readability=\"44\">\n<p>Le Real Madrid va s\u2019attaquer \u00e0 plusieurs chantiers lors du prochain mercato estival. La priorit\u00e9 de Florenitno Perez serait notamment de recruter un joueur capable de suppl\u00e9er Karim Benzema et plusieurs pistes auraient \u00e9t\u00e9 activ\u00e9es. Selon la presse espagnole, le pr\u00e9sident merengue r\u00eaverait d\u2019attirer Erling Braut Haaland (Borussia Dortmund) et Kylian Mbapp\u00e9 (PSG), consid\u00e9r\u00e9s comme les stars de demain. Mais \u00e0 en croire Foot Mercato, le Real Madrid aurait \u00e9galement coch\u00e9 le nom de Riyad Mahrez, auteur de 9 buts en Premier League cette saison. Et la formation entra\u00een\u00e9e par Zin\u00e9dine Zidane aurait une incroyable opportunit\u00e9 dans ce dossier. Sous contrat jusqu\u2019en 2023, Riyad Mahrez pourrait quitter Manchester City dans les prochains mois. Et pour cause, selon les informations du T\u00e9l\u00e9graph, l\u2019international alg\u00e9rien, \u00e2g\u00e9 de 30 ans, n\u2019aurait pas l\u2019intention d\u2019allonger son bail avec la formation anglaise. Les n\u00e9gociations seraient actuellement \u00e0 l\u2019arr\u00eat entre les deux parties et un d\u00e9part cet \u00e9t\u00e9 ne serait pas exclu. Reste \u00e0 savoir si le Real Madrid acceptera de passer \u00e0 l\u2019action dans ce dossier Mahrez lors du prochain mercato estival rapporte Le 10 Sport.<\/p>\n<p><strong>Publi\u00e9 dans :<\/strong> <span>Mahrez<\/span><\/p>\n<\/div>\n<p>Auteur:<br \/>\n<a href=\"http:\/\/www.lebuteur.com\/article\/detail?titre=manchester-city-mahrez-ne-voudrait-pas-prolonger-son-contrat-avec-les-citizens&#038;id=99501&#038;utm_source=feedburner&#038;utm_medium=feed&#038;utm_campaign=Feed%3A+GalerieFArtciles+%28Les+derniers+articles++-+lebuteur.com%29\">Cliquez ici pour lire l&rsquo;article depuis sa source.<\/a><\/p>\n","protected":false},"excerpt":{"rendered":"<p>Auteur : mercredi 24 mars 2021 10:55 Le Real Madrid va s\u2019attaquer \u00e0 plusieurs chantiers lors du prochain mercato estival. La priorit\u00e9 de Florenitno Perez serait notamment de recruter un joueur capable de suppl\u00e9er Karim Benzema et plusieurs pistes auraient \u00e9t\u00e9 activ\u00e9es. Selon la presse espagnole, le pr\u00e9sident merengue r\u00eaverait d\u2019attirer Erling Braut Haaland (Borussia [&hellip;]<\/p>\n","protected":false},"author":1738,"featured_media":0,"comment_status":"closed","ping_status":"closed","sticky":false,"template":"","format":"standard","meta":{"fifu_image_url":"\/\/cdn.lebuteur.com\/data\/images\/article\/thumbs\/large-manchester-city-mahrez-ne-voudrait-pas-prolonger-son-contrat-avec-les-citizens-aa6e5.jpg","fifu_image_alt":"Pros : Manchester City: Mahrez ne voudrait pas prolonger son contrat avec les Citizens","footnotes":""},"categories":[53,75],"tags":[],"class_list":["post-113644","post","type-post","status-publish","format-standard","hentry","category-algerie","category-sport"],"_links":{"self":[{"href":"https:\/\/linitiative.ca\/International\/wp-json\/wp\/v2\/posts\/113644","targetHints":{"allow":["GET"]}}],"collection":[{"href":"https:\/\/linitiative.ca\/International\/wp-json\/wp\/v2\/posts"}],"about":[{"href":"https:\/\/linitiative.ca\/International\/wp-json\/wp\/v2\/types\/post"}],"author":[{"embeddable":true,"href":"https:\/\/linitiative.ca\/International\/wp-json\/wp\/v2\/users\/1738"}],"replies":[{"embeddable":true,"href":"https:\/\/linitiative.ca\/International\/wp-json\/wp\/v2\/comments?post=113644"}],"version-history":[{"count":0,"href":"https:\/\/linitiative.ca\/International\/wp-json\/wp\/v2\/posts\/113644\/revisions"}],"wp:attachment":[{"href":"https:\/\/linitiative.ca\/International\/wp-json\/wp\/v2\/media?parent=113644"}],"wp:term":[{"taxonomy":"category","embeddable":true,"href":"https:\/\/linitiative.ca\/International\/wp-json\/wp\/v2\/categories?post=113644"},{"taxonomy":"post_tag","embeddable":true,"href":"https:\/\/linitiative.ca\/International\/wp-json\/wp\/v2\/tags?post=113644"}],"curies":[{"name":"wp","href":"https:\/\/api.w.org\/{rel}","templated":true}]}}