{"id":113645,"date":"2021-03-24T15:14:07","date_gmt":"2021-03-24T19:14:07","guid":{"rendered":"https:\/\/linitiative.ca\/International\/international-naples-koulibaly-dans-le-viseur-dancelotti-a-everton\/"},"modified":"2021-03-24T15:14:07","modified_gmt":"2021-03-24T19:14:07","slug":"international-naples-koulibaly-dans-le-viseur-dancelotti-a-everton","status":"publish","type":"post","link":"https:\/\/linitiative.ca\/International\/international-naples-koulibaly-dans-le-viseur-dancelotti-a-everton\/","title":{"rendered":"International : Naples : Koulibaly dans le viseur d&rsquo;Ancelotti \u00e0 Everton"},"content":{"rendered":"<div readability=\"32\">\n<p>Auteur : <span class=\"time\">mercredi 24 mars 2021 12:52<\/span><\/p>\n<\/div>\n<div id=\"post_core\" readability=\"44\">\n<p>Kalidou Koulibaly, le d\u00e9fenseur central du Napoli qui fut valoris\u00e9 dans des temps pas si lointains plus de 100 millions d\u2019euros par son club, serait dans le viseur de Carlo Ancelotti, le manager d\u2019Everton rapporte la radio anglaise, TalkSport et Mercatofootanglais. Et l\u2019ancien coach du PSG serait tr\u00e8s d\u00e9termin\u00e9 \u00e0 obtenir son transfert lors du prochain mercato estival 2021.<\/p>\n<p>Le m\u00e9dia britannique laisse entendre que le propri\u00e9taire du club d\u2019Everton va mettre une grosse enveloppe \u00e0 disposition de son manager pour effectuer son recrutement. Et Kalidou Koulibaly avec lequel Carlo Ancelotti a travaill\u00e9 pendant 18 mois au Napoli est l\u2019une de ses priorit\u00e9s du mercato estival 2021.<\/p>\n<p><strong>Publi\u00e9 dans :<\/strong> <span>Naples<\/span><\/p>\n<\/div>\n<p>Auteur:<br \/>\n<a href=\"http:\/\/www.lebuteur.com\/article\/detail?titre=naples-koulibaly-dans-le-viseur-dancelotti-a-everton&#038;id=99502&#038;utm_source=feedburner&#038;utm_medium=feed&#038;utm_campaign=Feed%3A+GalerieFArtciles+%28Les+derniers+articles++-+lebuteur.com%29\">Cliquez ici pour lire l&rsquo;article depuis sa source.<\/a><\/p>\n","protected":false},"excerpt":{"rendered":"<p>Auteur : mercredi 24 mars 2021 12:52 Kalidou Koulibaly, le d\u00e9fenseur central du Napoli qui fut valoris\u00e9 dans des temps pas si lointains plus de 100 millions d\u2019euros par son club, serait dans le viseur de Carlo Ancelotti, le manager d\u2019Everton rapporte la radio anglaise, TalkSport et Mercatofootanglais. Et l\u2019ancien coach du PSG serait tr\u00e8s [&hellip;]<\/p>\n","protected":false},"author":1738,"featured_media":0,"comment_status":"closed","ping_status":"closed","sticky":false,"template":"","format":"standard","meta":{"fifu_image_url":"\/\/cdn.lebuteur.com\/data\/images\/article\/thumbs\/large-naples-koulibaly-dans-le-viseur-dancelotti-a-everton-24429.jpg","fifu_image_alt":"International : Naples : Koulibaly dans le viseur d'Ancelotti \u00e0 Everton","footnotes":""},"categories":[53,75],"tags":[],"class_list":["post-113645","post","type-post","status-publish","format-standard","hentry","category-algerie","category-sport"],"_links":{"self":[{"href":"https:\/\/linitiative.ca\/International\/wp-json\/wp\/v2\/posts\/113645","targetHints":{"allow":["GET"]}}],"collection":[{"href":"https:\/\/linitiative.ca\/International\/wp-json\/wp\/v2\/posts"}],"about":[{"href":"https:\/\/linitiative.ca\/International\/wp-json\/wp\/v2\/types\/post"}],"author":[{"embeddable":true,"href":"https:\/\/linitiative.ca\/International\/wp-json\/wp\/v2\/users\/1738"}],"replies":[{"embeddable":true,"href":"https:\/\/linitiative.ca\/International\/wp-json\/wp\/v2\/comments?post=113645"}],"version-history":[{"count":0,"href":"https:\/\/linitiative.ca\/International\/wp-json\/wp\/v2\/posts\/113645\/revisions"}],"wp:attachment":[{"href":"https:\/\/linitiative.ca\/International\/wp-json\/wp\/v2\/media?parent=113645"}],"wp:term":[{"taxonomy":"category","embeddable":true,"href":"https:\/\/linitiative.ca\/International\/wp-json\/wp\/v2\/categories?post=113645"},{"taxonomy":"post_tag","embeddable":true,"href":"https:\/\/linitiative.ca\/International\/wp-json\/wp\/v2\/tags?post=113645"}],"curies":[{"name":"wp","href":"https:\/\/api.w.org\/{rel}","templated":true}]}}