{"id":113648,"date":"2021-03-24T15:14:14","date_gmt":"2021-03-24T19:14:14","guid":{"rendered":"https:\/\/linitiative.ca\/International\/equipe-dalgerie-zambie-algerie-les-dernieres-infos-des-verts\/"},"modified":"2021-03-24T15:14:14","modified_gmt":"2021-03-24T19:14:14","slug":"equipe-dalgerie-zambie-algerie-les-dernieres-infos-des-verts","status":"publish","type":"post","link":"https:\/\/linitiative.ca\/International\/equipe-dalgerie-zambie-algerie-les-dernieres-infos-des-verts\/","title":{"rendered":"Equipe d&rsquo;Alg\u00e9rie : Zambie-Alg\u00e9rie : Les derni\u00e8res infos des Verts !"},"content":{"rendered":"<div readability=\"32\">\n<p>Auteur : <span>Moumen A.<\/span> <span class=\"time\">mercredi 24 mars 2021 17:49<\/span><\/p>\n<\/div>\n<div id=\"post_core\" readability=\"71\">\n<p><strong>S\u00e9ance de D\u00e9crassage pouss\u00e9e\u00a0 \u00e0 l\u2019h\u00f4tel\u00a0<\/strong><\/p>\n<p>Arriv\u00e9s hier soir \u00e0 21h40 heure locale, les Verts qui affronteront la Zambie demain soir dans un match compactant pour la 5e journ\u00e9e des \u00e9liminatoires CAN 2022 pr\u00e9vue au Cameroun, ont effectu\u00e9 une l\u00e9g\u00e8re s\u00e9ance de d\u00e9crassage ce mercredi sur le terrain de golf limitrophe \u00e0 l\u2019h\u00f4tel\u00a0 de l\u2019Equipe nationale \u00ab\u00a0Bonanza Ressort\u00bb. Les camarades du n\u00e9o international alg\u00e9rien de Twente FC Zerrouki Ramiz, ont donc \u00e9t\u00e9\u00a0 soumis ce mercredi 24 mars 2021, \u00e0 une s\u00e9ance de r\u00e9veil musculaire sous la conduite du pr\u00e9dateur physique de l\u2019EN Amara Merouani\u00a0 et le premier assistant du coach Djamel Belmadi, Serge Romano. \u00a0<\/p>\n<p><strong>Tests PCR pour les joueurs et les diff\u00e9rents staffs de l\u2019EN<\/strong><\/p>\n<p>Comme\u00a0 l\u2019exige les r\u00e8glements en vigueur et les recommandations de la Conf\u00e9d\u00e9ration africaine de football en cette dure p\u00e9riode\u00a0 de\u00a0 pand\u00e9mie du coronavirus les joueurs de la s\u00e9lection nationale ont effectu\u00e9 ce matin leur test PCR anti-Covid-19, quelques instants apr\u00e8s avoir pris leur petit d\u00e9jeuner\u00a0 \u00e0 l\u2019h\u00f4tel\u00a0\u00ab\u00a0Bonanza\u00a0\u00bb en Zambie.\u00a0 L\u2019ensemble des autres staffs, technique, m\u00e9dical et administratif ont \u00e9t\u00e9 soumis aussi aux tests\u00a0 anti Covid-19.<\/p>\n<p><strong>S\u00e9ance vid\u00e9o avant l\u2019ultime s\u00e9ance d\u2019entrainement<\/strong><\/p>\n<p>Comme le veut la tradition les joueurs de l\u2019Equipe nationale \u00e9taient\u00a0 convi\u00e9s\u00a0 juste apr\u00e8s la collation de l\u2019apr\u00e8s-midi \u00e0 une s\u00e9ance vid\u00e9o effectu\u00e9e \u00e0 la salle de conf\u00e9rences de l\u2019h\u00f4tel\u00a0\u00ab\u00a0Bonanza\u00a0\u00bb en Zambie. Les co\u00e9quipiers \u00a0de Mehdi Zeffane, ont re\u00e7u les derni\u00e8res consignes de la part du coach Djamel Belmadi \u00a0\u00a0avant de se d\u00e9placer au National Heroes Stadium de Lusaka pour \u00a0\u00a0l\u2019ultime s\u00e9ance d\u2019entra\u00eenement d\u2019avant-match programm\u00e9e donc \u00a0\u00e0 19h00 (heure locale).<\/p>\n<p><strong>D\u00e9part au stade \u00e0 18 h 15<\/strong><\/p>\n<p>La\u00a0 s\u00e9ance vid\u00e9o qui a commenc\u00e9 \u00e0 17h00 et dur\u00e9\u00a0 un peu plus d\u2019une heure \u00a0 a permis au s\u00e9lectionneur\u00a0 Djamel Belmadi de s\u2019arr\u00eater \u00a0sur les points faibles et les points forts de l\u2019adversaire des Verts \u00a0 pour le compte de l\u2019avant derni\u00e8re journ\u00e9e des \u00e9liminatoires CAN 2022, pr\u00e9vue au Cameroun. Apr\u00e8s avoir donc re\u00e7u quelques bonnes consignes de la part du coach de l\u2019EN, les co\u00e9quipiers de\u00a0 Benayada ont juste eu le temps de r\u00e9cup\u00e9rer leurs sacs avant de se rendre \u00e0 18 h 15 au National Heroes Stadium de Lusaka pour la derni\u00e8re s\u00e9ance d\u2019entrainement d\u2019avant match<\/p>\n<p><strong>Moumen A.<\/strong><\/p>\n<p><strong>Publi\u00e9 dans :<\/strong> <span>Zambie-Alg\u00e9rie<\/span> <span>can 2022<\/span><\/p>\n<\/div>\n<p>Auteur:<br \/>\n<a href=\"http:\/\/www.lebuteur.com\/article\/detail?titre=zambie-algerie-les-dernieres-infos-des-verts&#038;id=99505&#038;utm_source=feedburner&#038;utm_medium=feed&#038;utm_campaign=Feed%3A+GalerieFArtciles+%28Les+derniers+articles++-+lebuteur.com%29\">Cliquez ici pour lire l&rsquo;article depuis sa source.<\/a><\/p>\n","protected":false},"excerpt":{"rendered":"<p>Auteur : Moumen A. mercredi 24 mars 2021 17:49 S\u00e9ance de D\u00e9crassage pouss\u00e9e\u00a0 \u00e0 l\u2019h\u00f4tel\u00a0 Arriv\u00e9s hier soir \u00e0 21h40 heure locale, les Verts qui affronteront la Zambie demain soir dans un match compactant pour la 5e journ\u00e9e des \u00e9liminatoires CAN 2022 pr\u00e9vue au Cameroun, ont effectu\u00e9 une l\u00e9g\u00e8re s\u00e9ance de d\u00e9crassage ce mercredi sur [&hellip;]<\/p>\n","protected":false},"author":1738,"featured_media":0,"comment_status":"closed","ping_status":"closed","sticky":false,"template":"","format":"standard","meta":{"fifu_image_url":"\/\/cdn.lebuteur.com\/data\/images\/article\/thumbs\/large-zambie-algerie-les-dernieres-infos-de-verts-de8ef.jpg","fifu_image_alt":"Equipe d'Alg\u00e9rie : Zambie-Alg\u00e9rie : Les derni\u00e8res infos des Verts !","footnotes":""},"categories":[53,75],"tags":[],"class_list":["post-113648","post","type-post","status-publish","format-standard","hentry","category-algerie","category-sport"],"_links":{"self":[{"href":"https:\/\/linitiative.ca\/International\/wp-json\/wp\/v2\/posts\/113648","targetHints":{"allow":["GET"]}}],"collection":[{"href":"https:\/\/linitiative.ca\/International\/wp-json\/wp\/v2\/posts"}],"about":[{"href":"https:\/\/linitiative.ca\/International\/wp-json\/wp\/v2\/types\/post"}],"author":[{"embeddable":true,"href":"https:\/\/linitiative.ca\/International\/wp-json\/wp\/v2\/users\/1738"}],"replies":[{"embeddable":true,"href":"https:\/\/linitiative.ca\/International\/wp-json\/wp\/v2\/comments?post=113648"}],"version-history":[{"count":0,"href":"https:\/\/linitiative.ca\/International\/wp-json\/wp\/v2\/posts\/113648\/revisions"}],"wp:attachment":[{"href":"https:\/\/linitiative.ca\/International\/wp-json\/wp\/v2\/media?parent=113648"}],"wp:term":[{"taxonomy":"category","embeddable":true,"href":"https:\/\/linitiative.ca\/International\/wp-json\/wp\/v2\/categories?post=113648"},{"taxonomy":"post_tag","embeddable":true,"href":"https:\/\/linitiative.ca\/International\/wp-json\/wp\/v2\/tags?post=113648"}],"curies":[{"name":"wp","href":"https:\/\/api.w.org\/{rel}","templated":true}]}}