{"id":113650,"date":"2021-03-24T06:12:00","date_gmt":"2021-03-24T10:12:00","guid":{"rendered":"https:\/\/linitiative.ca\/International\/mohamed-mnif-nomme-a-la-tete-de-lagence-tunisienne-dinternet-ati\/"},"modified":"2021-03-24T06:12:00","modified_gmt":"2021-03-24T10:12:00","slug":"mohamed-mnif-nomme-a-la-tete-de-lagence-tunisienne-dinternet-ati","status":"publish","type":"post","link":"https:\/\/linitiative.ca\/International\/mohamed-mnif-nomme-a-la-tete-de-lagence-tunisienne-dinternet-ati\/","title":{"rendered":"Mohamed Mnif nomm\u00e9 \u00e0 la t\u00eate de l&rsquo;Agence Tunisienne d&rsquo;internet (ATI)"},"content":{"rendered":"<p>Mohamed Mnif vient d\u2019\u00eatre nomm\u00e9 Pr\u00e9sident Directeur G\u00e9n\u00e9ral de l\u2019Agence Tunisie Internet ATI\u00a0\u00bb succ\u00e8dant ainsi \u00e0 M. Moez Maaref.<\/p>\n<p>Il\u00a0 a occup\u00e9 les fonctions de Directeur G\u00e9n\u00e9ral du Centre National de l\u2019Informatique CNI, de Directeur G\u00e9n\u00e9ral de l\u2019ex Centre de Recherche IRSIT et de Directeur Ex\u00e9cutif revenue assurance et lutte contre la fraude chez Tunisie T\u00e9l\u00e9com.<\/p>\n<p>Le nouveau PDG est titulaire d&rsquo;un dipl\u00f4me d\u2019ing\u00e9nieur concepteur en informatique de la facult\u00e9 des sciences de Tunis et d&rsquo;un dipl\u00f4me d\u2019\u00e9tudes approfondies (DEA), ainsi qu&rsquo;un DUES en physique-chimie. Il a plus que 25 ans d\u2019exp\u00e9rience dans le domaine de l&rsquo;informatique et des syst\u00e8mes d\u2019information, des t\u00e9l\u00e9communications, du business intelligence et de la gestion des projets.<\/p>\n<p>Mohamed Mnif a \u00e9t\u00e9 membre des conseils d\u2019administration du CNI, du centre informatique de la sant\u00e9 et a \u00e9t\u00e9 \u00e0 la t\u00eate de plusieurs projets d\u2019ordre national et international dans les domaines de l&rsquo;informatique et des nouvelles technologies de communication.<br \/>\u00a0<\/p>\n<p>Auteur:<br \/>\n<a href=\"https:\/\/www.leaders.com.tn\/article\/31615-nomination-de-mohamed-mnif-a-la-tete-de-l-agence-tunisienne-d-internet-ati\">Cliquez ici pour lire l&rsquo;article depuis sa source.<\/a><\/p>\n","protected":false},"excerpt":{"rendered":"<p>Mohamed Mnif vient d\u2019\u00eatre nomm\u00e9 Pr\u00e9sident Directeur G\u00e9n\u00e9ral de l\u2019Agence Tunisie Internet ATI\u00a0\u00bb succ\u00e8dant ainsi \u00e0 M. Moez Maaref. Il\u00a0 a occup\u00e9 les fonctions de Directeur G\u00e9n\u00e9ral du Centre National de l\u2019Informatique CNI, de Directeur G\u00e9n\u00e9ral de l\u2019ex Centre de Recherche IRSIT et de Directeur Ex\u00e9cutif revenue assurance et lutte contre la fraude chez Tunisie [&hellip;]<\/p>\n","protected":false},"author":1772,"featured_media":0,"comment_status":"closed","ping_status":"closed","sticky":false,"template":"","format":"standard","meta":{"fifu_image_url":"","fifu_image_alt":"","footnotes":""},"categories":[73,55],"tags":[],"class_list":["post-113650","post","type-post","status-publish","format-standard","hentry","category-actualite","category-tunisie"],"_links":{"self":[{"href":"https:\/\/linitiative.ca\/International\/wp-json\/wp\/v2\/posts\/113650","targetHints":{"allow":["GET"]}}],"collection":[{"href":"https:\/\/linitiative.ca\/International\/wp-json\/wp\/v2\/posts"}],"about":[{"href":"https:\/\/linitiative.ca\/International\/wp-json\/wp\/v2\/types\/post"}],"author":[{"embeddable":true,"href":"https:\/\/linitiative.ca\/International\/wp-json\/wp\/v2\/users\/1772"}],"replies":[{"embeddable":true,"href":"https:\/\/linitiative.ca\/International\/wp-json\/wp\/v2\/comments?post=113650"}],"version-history":[{"count":0,"href":"https:\/\/linitiative.ca\/International\/wp-json\/wp\/v2\/posts\/113650\/revisions"}],"wp:attachment":[{"href":"https:\/\/linitiative.ca\/International\/wp-json\/wp\/v2\/media?parent=113650"}],"wp:term":[{"taxonomy":"category","embeddable":true,"href":"https:\/\/linitiative.ca\/International\/wp-json\/wp\/v2\/categories?post=113650"},{"taxonomy":"post_tag","embeddable":true,"href":"https:\/\/linitiative.ca\/International\/wp-json\/wp\/v2\/tags?post=113650"}],"curies":[{"name":"wp","href":"https:\/\/api.w.org\/{rel}","templated":true}]}}