{"id":113651,"date":"2021-03-24T06:30:00","date_gmt":"2021-03-24T10:30:00","guid":{"rendered":"https:\/\/linitiative.ca\/International\/souad-bakalti-sur-les-traces-de-bourguiba-a-lile-de-groix\/"},"modified":"2021-03-24T06:30:00","modified_gmt":"2021-03-24T10:30:00","slug":"souad-bakalti-sur-les-traces-de-bourguiba-a-lile-de-groix","status":"publish","type":"post","link":"https:\/\/linitiative.ca\/International\/souad-bakalti-sur-les-traces-de-bourguiba-a-lile-de-groix\/","title":{"rendered":"Souad Bakalti: Sur les traces de Bourguiba\u2026 \u00e0 l\u2019ile de Groix"},"content":{"rendered":"<p>Ce qui est bien avec les vacances, c\u2019est qu\u2019il y a toujours une petite place pour l\u2019impr\u00e9vu.<\/p>\n<p>Tout commence un jour de juillet ensoleill\u00e9 en Bretagne (!). Nous avons d\u00e9cid\u00e9 de partir \u00e0 la d\u00e9couverte de l\u2019ile de Groix, parce que c\u2019est beau et sauvage et parce qu\u2019on peut y faire du v\u00e9lo. Il y a aussi ce souvenir concernant Habib Bourguiba qui y a s\u00e9journ\u00e9, mais pas pour des vacances puisqu\u2019il y \u00e9tait envoy\u00e9 par la France en exil forc\u00e9 pendant cinq mois en 1954.<\/p>\n<p>A peine d\u00e9barqu\u00e9s, direction le loueur de v\u00e9los. L\u2019ile est petite, et il faut peu de temps pour atteindre les diff\u00e9rentes plages en sillonnant les chemins \u00e9troits. Nous voil\u00e0 vite revenus pr\u00e8s du port dans le village nomm\u00e9 LeBourg,la capitale. Avant de quitter l\u2019\u00eele, je tenais vraiment \u00e0 retrouver la trace du passage de Bourguiba. Je cherche une pancarte, un panneau, un indice, mais rien\u2026.Passage \u00e0 l\u2019\u00e9co-mus\u00e9e, le haut lieu patrimonial local, mais cela ne leur dit rien. Juste avant de rejoindre l\u2019embarcad\u00e8re pour la travers\u00e9e retour, une derni\u00e8re\u00a0 tentative d\u00e9sesp\u00e9r\u00e9e \u00e0 l\u2019office de tourisme : \u00ab bonjour Madame, est ce que vous avez entendu parler d\u2019une maison o\u00f9 a s\u00e9journ\u00e9\u00a0 le pr\u00e9sident tunisien Habib Bourguiba ? \u00ab Mais bien s\u00fbr\u00bb me r\u00e9pond cette dame, \u00ab c\u2019est \u00e0 deux rues d\u2019ici \u00bb. La chance est avec moi ! En inscrivant l\u2019adresse et le plan sur un bout de papier, elle \u00e9voque le souvenir d\u2019une amie (alors gamine) habitant en face de la maison d\u2019exil, et lui rapportant que Bourguiba lui avait offert des oranges tunisiennes.<\/p>\n<p>Je me rends \u00e0 l\u2019adresse indiqu\u00e9e. C\u2019est une petite maison \u00e0 deux \u00e9tages dans une petite rue calme. Mais toujours aucune plaque ou signe distinctif. Pour immortaliser l\u2019instant, je demande \u00e0 mon mari de prendre quelques photos avant de repartir. Mais notre man\u00e8ge a attir\u00e9 l\u2019attention des habitants de la maison, qui ouvrent la fen\u00eatre pour savoir qui sont ces gens bizarres qui s\u2019extasient.<\/p>\n<p>Je bafouille un peu avant de retrouver mes esprits. \u00ab Je suis tunisienne, historienne et admiratrice d\u2019Habib Bourguiba, on nous a dit qu\u2019il avait v\u00e9cu ici \u00bb. La propri\u00e9taire me le confirme et accepte ma demande de visiter les lieux. A partir de cet instant, tout n\u2019a \u00e9t\u00e9 que bienveillance et enchantement. Nous avons pu monter au 2eme \u00e9tage o\u00f9 se trouvait la chambre de Bourguiba et l\u2019\u00e9motion \u00e9tait forte en se disant qu\u2019il avait \u00e9t\u00e9 l\u00e0 et qu\u2019il avait regard\u00e9 par la m\u00eame fen\u00eatre. Cerise sur le g\u00e2teau, le propri\u00e9taire \u00e9tait le fils d\u2019un journaliste qui avait interview\u00e9 le pr\u00e9sident Bourguiba pour le Figaro. Il en \u00e9tait tellement fier que la photo des deux hommes \u00e9tait accroch\u00e9e au mur du salon. Apr\u00e8s une longue discussion sur les rapports entre la Tunisie et la France, nous sommes ressortis un peu \u00e9tourdis par ce moment de gr\u00e2ce.<\/p>\n<p>De retour \u00e0 terre (ou sur terre), quelques jours apr\u00e8s, j\u2019ai sollicit\u00e9 le maire pour lui sugg\u00e9rer de d\u00e9velopper cette partie peu connue du patrimoine de l\u2019ile de Groix. Il fallait au pire une plaque immortalisant cette page d\u2019Histoire et au mieux une rue Bourguiba, et bien s\u00fbr une place dans le mus\u00e9e. Le maire m\u2019a aimablement r\u00e9pondu, mais je ne sais pas ce qui a \u00e9t\u00e9 fait depuis\u2026 C\u2019\u00e9tait en 2009!<\/p>\n<p class=\"c2\"><strong>Souad Bakalti<\/strong><br \/>\u00a0<\/p>\n<p>Auteur:<br \/>\n<a href=\"https:\/\/www.leaders.com.tn\/article\/31618-sur-les-traces-de-bourguiba-a-l-ile-de-groix\">Cliquez ici pour lire l&rsquo;article depuis sa source.<\/a><\/p>\n","protected":false},"excerpt":{"rendered":"<p>Ce qui est bien avec les vacances, c\u2019est qu\u2019il y a toujours une petite place pour l\u2019impr\u00e9vu. Tout commence un jour de juillet ensoleill\u00e9 en Bretagne (!). Nous avons d\u00e9cid\u00e9 de partir \u00e0 la d\u00e9couverte de l\u2019ile de Groix, parce que c\u2019est beau et sauvage et parce qu\u2019on peut y faire du v\u00e9lo. Il y [&hellip;]<\/p>\n","protected":false},"author":1772,"featured_media":0,"comment_status":"closed","ping_status":"closed","sticky":false,"template":"","format":"standard","meta":{"fifu_image_url":"","fifu_image_alt":"","footnotes":""},"categories":[73,55],"tags":[],"class_list":["post-113651","post","type-post","status-publish","format-standard","hentry","category-actualite","category-tunisie"],"_links":{"self":[{"href":"https:\/\/linitiative.ca\/International\/wp-json\/wp\/v2\/posts\/113651","targetHints":{"allow":["GET"]}}],"collection":[{"href":"https:\/\/linitiative.ca\/International\/wp-json\/wp\/v2\/posts"}],"about":[{"href":"https:\/\/linitiative.ca\/International\/wp-json\/wp\/v2\/types\/post"}],"author":[{"embeddable":true,"href":"https:\/\/linitiative.ca\/International\/wp-json\/wp\/v2\/users\/1772"}],"replies":[{"embeddable":true,"href":"https:\/\/linitiative.ca\/International\/wp-json\/wp\/v2\/comments?post=113651"}],"version-history":[{"count":0,"href":"https:\/\/linitiative.ca\/International\/wp-json\/wp\/v2\/posts\/113651\/revisions"}],"wp:attachment":[{"href":"https:\/\/linitiative.ca\/International\/wp-json\/wp\/v2\/media?parent=113651"}],"wp:term":[{"taxonomy":"category","embeddable":true,"href":"https:\/\/linitiative.ca\/International\/wp-json\/wp\/v2\/categories?post=113651"},{"taxonomy":"post_tag","embeddable":true,"href":"https:\/\/linitiative.ca\/International\/wp-json\/wp\/v2\/tags?post=113651"}],"curies":[{"name":"wp","href":"https:\/\/api.w.org\/{rel}","templated":true}]}}