{"id":113652,"date":"2021-03-24T07:00:00","date_gmt":"2021-03-24T11:00:00","guid":{"rendered":"https:\/\/linitiative.ca\/International\/un-livre-evenement-les-memoires-de-mohamed-ennaceur-deux-republiques-une-tunisie\/"},"modified":"2021-03-24T07:00:00","modified_gmt":"2021-03-24T11:00:00","slug":"un-livre-evenement-les-memoires-de-mohamed-ennaceur-deux-republiques-une-tunisie","status":"publish","type":"post","link":"https:\/\/linitiative.ca\/International\/un-livre-evenement-les-memoires-de-mohamed-ennaceur-deux-republiques-une-tunisie\/","title":{"rendered":"Un livre \u00e9v\u00e8nement : Les m\u00e9moires de Mohamed Ennaceur \u2018\u2019Deux R\u00e9publiques, une Tunisie\u2019\u2019"},"content":{"rendered":"<p><img decoding=\"async\" src=\"\/uploads\/FCK_files\/Couv-ouvrage-Med-Ennaceur.jpg\" alt=\"\" width=\"40%\" vspace=\"5\" hspace=\"5\" align=\"left\"\/>C\u2019est la premi\u00e8re fois qu\u2019un ancien pr\u00e9sident de la R\u00e9publique, par int\u00e9rim, livre son t\u00e9moignage sur son mandat, \u00e0 Carthage, aussi court qu\u2019il soit mais \u00e0 un moment tr\u00e8s particulier. C\u2019est aussi la premi\u00e8re fois que Mohamed Ennaceur se laisse aller \u00e0 la confidence et dire tout, ou presque. Sur son enfance, son parcours politique en pr\u00e8s de 50 ans, les \u00e9v\u00e8nements qu\u2019il a v\u00e9cus, sa travers\u00e9e du d\u00e9sert, sa pr\u00e9sidence du parlement et les grandes personnalit\u00e9s qu\u2019il a rencontr\u00e9es. Ses m\u00e9moires, tr\u00e8s attendues, viennent de para\u00eetre sous le titre de \u00ab <span class=\"c2\"><strong>Deux R\u00e9publique, une Tunisie<\/strong><\/span> \u00bb, aux <a href=\"http:\/\/www.leadersbooks.com.tn\">Editions Leaders<\/a>. En 684 pages, illustr\u00e9es de 88 photos, l\u2019auteur restitue, \u00e0 la fois, un roman de vie, un parcours politique et un pan significatif de notre histoire.<\/p>\n<p>Son t\u00e9moignage est capital pour d\u00e9crypter tant d\u2019\u00e9v\u00e8nements survenus en Tunisie. Sous une belle plume, souvenirs, analyses et r\u00e9v\u00e9lations s\u2019\u00e9gr\u00e8nent harmonieusement, faisant de ces m\u00e9moires un ouvrage de r\u00e9f\u00e9rence, aussi agr\u00e9able \u00e0 lire qu\u2019instructif.<\/p>\n<p>Comment cet enfant d\u2019El Jem, orphelin du p\u00e8re \u00e0 l\u2019\u00e2ge de 8 ans, quasiment sans ressources, a pu braver un \u00e0 un tant d\u2019obstacles pour r\u00e9ussir ses \u00e9tudes. Puis se frayer son chemin jusqu\u2019au sommet de l\u2019Etat. Pr\u00e9sident de la R\u00e9publique par int\u00e9rim, suite au d\u00e9c\u00e8s du pr\u00e9sident Ca\u00efd Essebsi, les 90 jours qu\u2019il passera \u00e0 Carthage, durant l\u2019\u00e9t\u00e9 2019, r\u00e9v\u00e8leront son leadership. Alors que la Tunisie, sur le point de d\u00e9river, risquait \u00e0 chaque instant de basculer dans le chaos, il lui fallait tenir le gouvernail d\u2019une main ferme, sans h\u00e9sitation, ni concessions.<\/p>\n<p>Mohamed Ennaceur revisite dans ses m\u00e9moires chacune de ses tranches de vie, depuis son enfance, puis sa prime jeunesse. On le suit dans les oukalas de la vieille m\u00e9dina de Tunis, \u00e0 Sadiki et Khaznadar, surveillant, instituteur, donnant des cours d\u2019\u00e9t\u00e9 \u00e0 un enfant de la famille beylicale&#8230; On le retrouve \u00e9tudiant, dirigeant au sein de l\u2019UGET. On d\u00e9couvre son parcours de haut fonctionnaire, gouverneur, ministre des Affaires sociales, ambassadeur, pr\u00e9sident du conseil \u00e9conomique et social, maire d\u2019El Jem, d\u00e9put\u00e9, pr\u00e9sident de l\u2019ARP et finalement \u00e0 Carthage&#8230; La m\u00e9moire revisit\u00e9e s\u2019accompagne de portraits de grandes figures : Bourguiba, Nouira, Achour, B\u00e9ji Ca\u00efd Essebsi et bien d\u2019autres, ainsi que de chefs d\u2019Etat et de gouvernement \u00e9trangers.<\/p>\n<p class=\"c3\"><img decoding=\"async\" src=\"\/uploads\/FCK_files\/Carte(28).jpg\" alt=\"\" width=\"100%\" vspace=\"5\" hspace=\"5\" align=\"middle\"\/><\/p>\n<p>Parcours d\u2019un illustre enfant de la Tunisie, qui se r\u00e9v\u00e8lera un grand homme d\u2019Etat et servira la Tunisie. Ce livre nous introduit aussi dans les coulisses du pouvoir et nous r\u00e9v\u00e8le des secrets de la confection des d\u00e9cisions. Plus encore, il transmet des valeurs et constitue une source d\u2019inspiration aux g\u00e9n\u00e9rations montantes.<\/p>\n<p><strong>Deux R\u00e9publiques, une Tunisie<\/strong><br \/><strong>de Mohamed Ennaceur<\/strong><br \/><em>Editions Leaders, mars 2021, 684 pages, 88 photos, 38 DT<br \/>En librairies et sur <a href=\"https:\/\/www.leadersbooks.com.tn\/produit\/deux-republiques-une-tunisie\/\" target=\"_blank\" rel=\"noopener\">www.leadersbooks.com.tn<\/a><\/em><br \/>\u00a0<\/p>\n<p>Auteur:<br \/>\n<a href=\"https:\/\/www.leaders.com.tn\/article\/31611-mohamed-ennaceur\">Cliquez ici pour lire l&rsquo;article depuis sa source.<\/a><\/p>\n","protected":false},"excerpt":{"rendered":"<p>C\u2019est la premi\u00e8re fois qu\u2019un ancien pr\u00e9sident de la R\u00e9publique, par int\u00e9rim, livre son t\u00e9moignage sur son mandat, \u00e0 Carthage, aussi court qu\u2019il soit mais \u00e0 un moment tr\u00e8s particulier. C\u2019est aussi la premi\u00e8re fois que Mohamed Ennaceur se laisse aller \u00e0 la confidence et dire tout, ou presque. Sur son enfance, son parcours politique [&hellip;]<\/p>\n","protected":false},"author":1772,"featured_media":0,"comment_status":"closed","ping_status":"closed","sticky":false,"template":"","format":"standard","meta":{"fifu_image_url":"\/uploads\/FCK_files\/Couv-ouvrage-Med-Ennaceur.jpg","fifu_image_alt":"Un livre \u00e9v\u00e8nement : Les m\u00e9moires de Mohamed Ennaceur \u2018\u2019Deux R\u00e9publiques, une Tunisie\u2019\u2019","footnotes":""},"categories":[73,55],"tags":[],"class_list":["post-113652","post","type-post","status-publish","format-standard","hentry","category-actualite","category-tunisie"],"_links":{"self":[{"href":"https:\/\/linitiative.ca\/International\/wp-json\/wp\/v2\/posts\/113652","targetHints":{"allow":["GET"]}}],"collection":[{"href":"https:\/\/linitiative.ca\/International\/wp-json\/wp\/v2\/posts"}],"about":[{"href":"https:\/\/linitiative.ca\/International\/wp-json\/wp\/v2\/types\/post"}],"author":[{"embeddable":true,"href":"https:\/\/linitiative.ca\/International\/wp-json\/wp\/v2\/users\/1772"}],"replies":[{"embeddable":true,"href":"https:\/\/linitiative.ca\/International\/wp-json\/wp\/v2\/comments?post=113652"}],"version-history":[{"count":0,"href":"https:\/\/linitiative.ca\/International\/wp-json\/wp\/v2\/posts\/113652\/revisions"}],"wp:attachment":[{"href":"https:\/\/linitiative.ca\/International\/wp-json\/wp\/v2\/media?parent=113652"}],"wp:term":[{"taxonomy":"category","embeddable":true,"href":"https:\/\/linitiative.ca\/International\/wp-json\/wp\/v2\/categories?post=113652"},{"taxonomy":"post_tag","embeddable":true,"href":"https:\/\/linitiative.ca\/International\/wp-json\/wp\/v2\/tags?post=113652"}],"curies":[{"name":"wp","href":"https:\/\/api.w.org\/{rel}","templated":true}]}}