{"id":113658,"date":"2021-03-24T12:41:46","date_gmt":"2021-03-24T16:41:46","guid":{"rendered":"https:\/\/linitiative.ca\/International\/glaxosmithkline-licencie-dr-moncef-slaoui-document\/"},"modified":"2021-03-24T12:41:46","modified_gmt":"2021-03-24T16:41:46","slug":"glaxosmithkline-licencie-dr-moncef-slaoui-document","status":"publish","type":"post","link":"https:\/\/linitiative.ca\/International\/glaxosmithkline-licencie-dr-moncef-slaoui-document\/","title":{"rendered":"GlaxoSmithKline licencie Dr Moncef Slaoui [Document]"},"content":{"rendered":"<p><strong>GlaxoSmithKline (GSK) a licenci\u00e9 Dr Moncef Slaoui, ancien chef des vaccins du gouvernement am\u00e9ricain, de son poste de pr\u00e9sident d\u2019une soci\u00e9t\u00e9 contr\u00f4l\u00e9e par le fabricant britannique de m\u00e9dicaments apr\u00e8s qu\u2019une enqu\u00eate interne ait r\u00e9v\u00e9l\u00e9 qu\u2019il avait harcel\u00e9 sexuellement une employ\u00e9e de GSK il y a plusieurs ann\u00e9es.<\/strong><\/p>\n<div class=\"c10\">\n<\/div>\n<p>GSK a pr\u00e9cis\u00e9 que la r\u00e9siliation du contrat de Dr Moncef Slaoui chez Galvani Bioelectronics \u00e9tait avec effet imm\u00e9diat. L\u2019ancien conseiller en chef du programme am\u00e9ricain de d\u00e9veloppement de vaccins anti-Covid-19, connu sous le nom d\u2019Op\u00e9ration Warp Speed, n\u2019a pas \u00e9t\u00e9 imm\u00e9diatement joignable pour commenter par t\u00e9l\u00e9phone et compte LinkedIn.<\/p>\n<p><strong>Lire aussi | <a href=\"https:\/\/www.challenge.ma\/rapprochement-de-cmgp-comptoir-agricole-du-souss-le-conseil-de-la-concurrence-donne-son-feu-vert-178725\/\" target=\"_blank\" rel=\"noreferrer noopener\">Rapprochement de CMGP\/Comptoir agricole du Souss : le Conseil de la Concurrence donne son feu vert<\/a><\/strong><\/p>\n<p>GSK a ajout\u00e9 qu\u2019une enqu\u00eate sur la conduite de Dr Moncef Slaoui avait corrobor\u00e9 les all\u00e9gations de harc\u00e8lement et de contact inappropri\u00e9, notant que l\u2019enqu\u00eate \u00e9tait en cours. La r\u00e9siliation du contrat de Dr Moncef Slaoui fait suite \u00e0 la r\u00e9ception d\u2019une lettre contenant les all\u00e9gations de conduite inappropri\u00e9e \u00e0 l\u2019\u00e9gard de l\u2019employ\u00e9e de GSK, a indiqu\u00e9 la soci\u00e9t\u00e9 dans un communiqu\u00e9. Le fabricant britannique a pr\u00e9cis\u00e9 que les all\u00e9gations dataient du moment o\u00f9 Moncef Slaoui \u00e9tait un employ\u00e9 de GSK. Ce n\u2019est pas la premi\u00e8re fois qu\u2019<\/p>\n<p><strong>Lire aussi | <a rel=\"noreferrer noopener\" href=\"https:\/\/www.challenge.ma\/coronavirus-le-maroc-suspend-les-vols-de-et-vers-5-nouveaux-pays-179298\/\" target=\"_blank\">Coronavirus : le Maroc suspend les vols de et vers 5 nouveaux pays<\/a><\/strong><\/p>\n<p>Avant son poste chez Galvani, Dr Moncef Slaoui a pass\u00e9 pr\u00e8s de 30 ans chez GlaxoSmithKline, occupant divers postes de direction, notamment celui de chef de la R&amp;D pharmaceutique et de pr\u00e9sident de sa division Vaccins. L\u2019ancien pr\u00e9sident am\u00e9ricain Donald Trump l\u2019avait nomm\u00e9 pour diriger les efforts de son administration pour produire et distribuer les vaccins anti-Covid-19 l\u2019ann\u00e9e derni\u00e8re. Il a d\u00e9missionn\u00e9 de son poste en janvier avant la mise en place de la nouvelle administration du pr\u00e9sident Joe Biden.<\/p>\n<figure class=\"wp-block-image size-large\"><img decoding=\"async\" loading=\"lazy\" width=\"726\" height=\"1024\" src=\"https:\/\/www.challenge.ma\/wp-content\/uploads\/2021\/03\/ExQCSF0WEAIDy3u-2-726x1024.jpg\" alt=\"\" class=\"wp-image-179343\" srcset=\"https:\/\/www.challenge.ma\/wp-content\/uploads\/2021\/03\/ExQCSF0WEAIDy3u-2-726x1024.jpg 726w, https:\/\/www.challenge.ma\/wp-content\/uploads\/2021\/03\/ExQCSF0WEAIDy3u-2-213x300.jpg 213w, https:\/\/www.challenge.ma\/wp-content\/uploads\/2021\/03\/ExQCSF0WEAIDy3u-2-768x1083.jpg 768w, https:\/\/www.challenge.ma\/wp-content\/uploads\/2021\/03\/ExQCSF0WEAIDy3u-2-1089x1536.jpg 1089w, https:\/\/www.challenge.ma\/wp-content\/uploads\/2021\/03\/ExQCSF0WEAIDy3u-2-360x508.jpg 360w, https:\/\/www.challenge.ma\/wp-content\/uploads\/2021\/03\/ExQCSF0WEAIDy3u-2-750x1057.jpg 750w, https:\/\/www.challenge.ma\/wp-content\/uploads\/2021\/03\/ExQCSF0WEAIDy3u-2.jpg 1242w\" sizes=\"auto, (max-width: 726px) 100vw, 726px\"\/><\/figure>\n<p><strong>Avec Reuters<\/strong><\/p>\n<p>Auteur: challenge<br \/>\n<a href=\"https:\/\/www.challenge.ma\/glaxosmithkline-licencie-dr-moncef-slaoui-document-179339\/\">Cliquez ici pour lire l&rsquo;article depuis sa source.<\/a><\/p>\n","protected":false},"excerpt":{"rendered":"<p>GlaxoSmithKline (GSK) a licenci\u00e9 Dr Moncef Slaoui, ancien chef des vaccins du gouvernement am\u00e9ricain, de son poste de pr\u00e9sident d\u2019une soci\u00e9t\u00e9 contr\u00f4l\u00e9e par le fabricant britannique de m\u00e9dicaments apr\u00e8s qu\u2019une enqu\u00eate interne ait r\u00e9v\u00e9l\u00e9 qu\u2019il avait harcel\u00e9 sexuellement une employ\u00e9e de GSK il y a plusieurs ann\u00e9es. GSK a pr\u00e9cis\u00e9 que la r\u00e9siliation du contrat [&hellip;]<\/p>\n","protected":false},"author":1787,"featured_media":0,"comment_status":"closed","ping_status":"closed","sticky":false,"template":"","format":"standard","meta":{"fifu_image_url":"https:\/\/www.challenge.ma\/wp-content\/uploads\/2021\/03\/ExQCSF0WEAIDy3u-2-726x1024.jpg","fifu_image_alt":"GlaxoSmithKline licencie Dr Moncef Slaoui [Document]","footnotes":""},"categories":[78,54],"tags":[],"class_list":["post-113658","post","type-post","status-publish","format-standard","hentry","category-economie","category-maroc"],"_links":{"self":[{"href":"https:\/\/linitiative.ca\/International\/wp-json\/wp\/v2\/posts\/113658","targetHints":{"allow":["GET"]}}],"collection":[{"href":"https:\/\/linitiative.ca\/International\/wp-json\/wp\/v2\/posts"}],"about":[{"href":"https:\/\/linitiative.ca\/International\/wp-json\/wp\/v2\/types\/post"}],"author":[{"embeddable":true,"href":"https:\/\/linitiative.ca\/International\/wp-json\/wp\/v2\/users\/1787"}],"replies":[{"embeddable":true,"href":"https:\/\/linitiative.ca\/International\/wp-json\/wp\/v2\/comments?post=113658"}],"version-history":[{"count":0,"href":"https:\/\/linitiative.ca\/International\/wp-json\/wp\/v2\/posts\/113658\/revisions"}],"wp:attachment":[{"href":"https:\/\/linitiative.ca\/International\/wp-json\/wp\/v2\/media?parent=113658"}],"wp:term":[{"taxonomy":"category","embeddable":true,"href":"https:\/\/linitiative.ca\/International\/wp-json\/wp\/v2\/categories?post=113658"},{"taxonomy":"post_tag","embeddable":true,"href":"https:\/\/linitiative.ca\/International\/wp-json\/wp\/v2\/tags?post=113658"}],"curies":[{"name":"wp","href":"https:\/\/api.w.org\/{rel}","templated":true}]}}