{"id":113659,"date":"2021-03-24T12:50:00","date_gmt":"2021-03-24T16:50:00","guid":{"rendered":"https:\/\/linitiative.ca\/International\/la-faillite-des-municipalites\/"},"modified":"2021-03-24T12:50:00","modified_gmt":"2021-03-24T16:50:00","slug":"la-faillite-des-municipalites","status":"publish","type":"post","link":"https:\/\/linitiative.ca\/International\/la-faillite-des-municipalites\/","title":{"rendered":"La faillite des municipalit\u00e9s"},"content":{"rendered":"<p><strong>Pourquoi est-ce que les marocains ne se pr\u00e9cipitent pas pour aller voter\u00a0? Et si on se posait juste la question de savoir est-ce que le vote du citoyen peut changer quoi que ce soit \u00e0 sa vie\u00a0quotidienne ?<\/strong><\/p>\n<div class=\"c10\">\n<\/div>\n<p>A Casablanca, El Jadida, Mohammedia, de vrais mouvements de fond contestent la gestion municipale au niveau des routes. Partout dans le pays, les gens en ont marre de ces trous, de l\u2019impossibilit\u00e9 de circuler, m\u00eame pour les pi\u00e9tons, de cette incurie. Cela ne concerne pas une seule couleur politique, m\u00eame si parce qu\u2019il est \u00e0 la t\u00eate des plus grandes villes du Maroc, c\u2019est le PJD et ses majorit\u00e9s qui sont en cause. La politicaillerie ne nous aidera pas \u00e0 trouver la solution. Nos municipalit\u00e9s sont d\u00e9faillantes. Elles doivent assurer des services publics, le transport, les routes, l\u2019\u00e9dilit\u00e9, mais aussi l\u2019animation culturelle, ou la pr\u00e9servation du patrimoine.<\/p>\n<p><strong>Lire aussi | <a href=\"https:\/\/www.challenge.ma\/glaxosmithkline-licencie-dr-moncef-slaoui-document-179339\/\" target=\"_blank\" rel=\"noreferrer noopener\">GlaxoSmithKline licencie Dr Moncef Slaoui [Document]<\/a><\/strong><\/p>\n<p>Notre drame, c\u2019est que nous avons politis\u00e9 \u00e0 l\u2019extr\u00eame les \u00e9lections locales. Jamais un parti n\u2019a pr\u00e9sent\u00e9 une liste avec un projet territorial. Une liste locale doit avancer ses propositions sur la mobilit\u00e9, sur le respect de l\u2019environnement, sur l\u2019appel \u00e0 l\u2019investissement, sur la protection de l\u2019enfance, au niveau de sa circonscription. Ce n\u2019est jamais le cas. Nous verrons aux prochaines \u00e9lections des listes qui proposent la r\u00e9forme de l\u2019\u00e9ducation, la lutte contre la corruption, la r\u00e9forme de la justice, la cr\u00e9ation de l\u2019emploi. Or, aucune de ces questions ne rel\u00e8ve des pouvoirs d\u2019une commune locale. Les instances \u00e9lues, tous partis confondus, ont d\u2019\u00e9normes difficult\u00e9s avec la gestion conc\u00e9d\u00e9e, ne r\u00e9pondent pas aux besoins des populations en services publics et n\u2019ont aucune communication inclusive.<\/p>\n<p><strong>Lire aussi | <a href=\"https:\/\/www.challenge.ma\/rapprochement-de-cmgp-comptoir-agricole-du-souss-le-conseil-de-la-concurrence-donne-son-feu-vert-178725\/\" target=\"_blank\" rel=\"noreferrer noopener\">Rapprochement de CMGP\/Comptoir agricole du Souss : le Conseil de la Concurrence donne son feu vert<\/a><\/strong><\/p>\n<p>Pourquoi voter quand on sait que les \u00e9lus, quelle que soit leur couleur, ne r\u00e9pondront pas \u00e0 vos besoins, vos attentes\u00a0? C\u2019est une vraie question. Le vote pour les l\u00e9gislatives est peut-\u00eatre politique. Les municipales sont diff\u00e9remment accept\u00e9es, et elles constituent l\u2019essence de la d\u00e9mocratie.<\/p>\n<p>Auteur: Jamal Berraoui<br \/>\n<a href=\"https:\/\/www.challenge.ma\/la-faillite-des-municipalites-179331\/\">Cliquez ici pour lire l&rsquo;article depuis sa source.<\/a><\/p>\n","protected":false},"excerpt":{"rendered":"<p>Pourquoi est-ce que les marocains ne se pr\u00e9cipitent pas pour aller voter\u00a0? Et si on se posait juste la question de savoir est-ce que le vote du citoyen peut changer quoi que ce soit \u00e0 sa vie\u00a0quotidienne ? A Casablanca, El Jadida, Mohammedia, de vrais mouvements de fond contestent la gestion municipale au niveau des [&hellip;]<\/p>\n","protected":false},"author":1787,"featured_media":0,"comment_status":"closed","ping_status":"closed","sticky":false,"template":"","format":"standard","meta":{"fifu_image_url":"","fifu_image_alt":"","footnotes":""},"categories":[78,54],"tags":[],"class_list":["post-113659","post","type-post","status-publish","format-standard","hentry","category-economie","category-maroc"],"_links":{"self":[{"href":"https:\/\/linitiative.ca\/International\/wp-json\/wp\/v2\/posts\/113659","targetHints":{"allow":["GET"]}}],"collection":[{"href":"https:\/\/linitiative.ca\/International\/wp-json\/wp\/v2\/posts"}],"about":[{"href":"https:\/\/linitiative.ca\/International\/wp-json\/wp\/v2\/types\/post"}],"author":[{"embeddable":true,"href":"https:\/\/linitiative.ca\/International\/wp-json\/wp\/v2\/users\/1787"}],"replies":[{"embeddable":true,"href":"https:\/\/linitiative.ca\/International\/wp-json\/wp\/v2\/comments?post=113659"}],"version-history":[{"count":0,"href":"https:\/\/linitiative.ca\/International\/wp-json\/wp\/v2\/posts\/113659\/revisions"}],"wp:attachment":[{"href":"https:\/\/linitiative.ca\/International\/wp-json\/wp\/v2\/media?parent=113659"}],"wp:term":[{"taxonomy":"category","embeddable":true,"href":"https:\/\/linitiative.ca\/International\/wp-json\/wp\/v2\/categories?post=113659"},{"taxonomy":"post_tag","embeddable":true,"href":"https:\/\/linitiative.ca\/International\/wp-json\/wp\/v2\/tags?post=113659"}],"curies":[{"name":"wp","href":"https:\/\/api.w.org\/{rel}","templated":true}]}}