{"id":113662,"date":"2021-03-24T15:51:24","date_gmt":"2021-03-24T19:51:24","guid":{"rendered":"https:\/\/linitiative.ca\/International\/tunisie-pour-quelle-raison-le-vaccin-sputnik-a-t-il-ete-retire-des-centres-de-vaccination\/"},"modified":"2021-03-24T15:51:24","modified_gmt":"2021-03-24T19:51:24","slug":"tunisie-pour-quelle-raison-le-vaccin-sputnik-a-t-il-ete-retire-des-centres-de-vaccination","status":"publish","type":"post","link":"https:\/\/linitiative.ca\/International\/tunisie-pour-quelle-raison-le-vaccin-sputnik-a-t-il-ete-retire-des-centres-de-vaccination\/","title":{"rendered":"Tunisie \u2013 Pour quelle raison le vaccin Sputnik a-t-il \u00e9t\u00e9 retir\u00e9 des centres de vaccination\u00a0?"},"content":{"rendered":"<div class=\"post-cont-in left relative\">\n<div id=\"post-info-wrap\" class=\"left relative post-info-out\">\n<div class=\"post-info-img left relative\"><img decoding=\"async\" alt=\"\" src=\"https:\/\/secure.gravatar.com\/avatar\/96253f4a657b482a18e837c1252096c2?s=50&amp;d=mm&amp;r=g\" srcset=\"https:\/\/secure.gravatar.com\/avatar\/96253f4a657b482a18e837c1252096c2?s=100&amp;d=mm&amp;r=g 2x\" class=\"avatar avatar-50 photo\" height=\"50\" width=\"50\" loading=\"lazy\"\/><\/div>\n<div class=\"post-info-in\">\n<div class=\"post-info-right left relative post-info-name left relative\"><span><span class=\"post-info-text\">Par<\/span> <span class=\"author-name vcard fn author\"><a href=\"https:\/\/www.tunisienumerique.com\/author\/saber\/\" title=\"Articles par Saber .\" rel=\"author\">Saber .<\/a><\/span><\/span> <span class=\"post-date updated\"><time class=\"post-date updated\" datetime=\"2021-03-24\">\u00a0| Il y a 1 heure<\/time><\/span><br \/>\n<meta itemprop=\"dateModified\" content=\"2021-03-24\"\/><\/div>\n<div class=\"left relative\"><button id=\"listenButton1\" class=\"responsivevoice-button\" type=\"button\" value=\"Play\" title=\"\u00c9coutez l'article\"><span>\ud83d\udd0a \u00c9coutez l&rsquo;article<\/span><\/button>\n<\/div>\n<\/div>\n<\/div>\n<p>Les faits ont \u00e9t\u00e9 r\u00e9v\u00e9l\u00e9s par l\u2019anecdote du limogeage de la directrice r\u00e9gionale de la sant\u00e9 de La Manouba. Le ministre, en col\u00e8re, lui a signifi\u00e9, hier qu\u2019il mettait fin \u00e0 ses fonctions. Le motif de ce limogeage, c\u2019est qu\u2019elle aurait outrepass\u00e9 ses droits et qu\u2019elle ait vaccin\u00e9 des cadres administratifs relevant de sa direction sans qu\u2019ils soient inscrits \u00e0 la plateforme Evax.<\/p>\n<div class=\"code-block code-block-1 c4\">\n <ins class=\"adsbygoogle c3\" data-ad-layout=\"in-article\" data-ad-format=\"fluid\" data-ad-client=\"ca-pub-2102118777505746\" data-ad-slot=\"7301775417\"\/>\n<\/div>\n<p>La directrice r\u00e9gionale en question s\u2019est d\u00e9fendue de ces griefs, assurant qu\u2019elle n\u2019a fait vacciner que des m\u00e9decins et des param\u00e9dicaux relevant de l\u2019h\u00f4pital Razi. Elle a ajout\u00e9 qu\u2019ils \u00e9taient, tous inscrits sur le syst\u00e8me Evax, et que certains d\u2019entre eux n\u2019ont pas re\u00e7u la convocation pour la vaccination. Ella a assur\u00e9 qu\u2019il n\u2019y avait pas, parmi eux des agents administratifs.<\/p>\n<p>La directrice r\u00e9gionale a, par ailleurs, fait une r\u00e9v\u00e9lation fracassante, en d\u00e9clarant que toutes les directions r\u00e9gionales du pays ont re\u00e7u, samedi \u00e0 l\u2019aube, un courrier signifiant la n\u00e9cessit\u00e9 de suspendre la vaccination par le Sputnik V. Et que les doses restantes devaient \u00eatre remis\u00e9es dans les cong\u00e9lateurs, en vue de les remettre au camions du minist\u00e8res qui allaient passer les reprendre en vue de les stocker pour un autre usage. Mais comme la directrice disposait de quelques doses dont elle craignait la d\u00e9t\u00e9rioration si elles \u00e9taient remises au cong\u00e9lateur, pour \u00eatre d\u00e9congel\u00e9es une seconde fois, elle a cru bien faire en en faisant profiter des m\u00e9decins et des param\u00e9dicaux relevant de sa juridiction.<\/p>\n<p>Cette histoire aura eu le m\u00e9rite de r\u00e9v\u00e9ler plusieurs faits\u00a0:<\/p>\n<p>D\u2019abord il semble que le ministre ait \u00e9t\u00e9 induit en erreur par certaines de ses collaboratrices qui avaient, \u00e0 ce qu\u2019il parait, des comptes \u00e0 r\u00e9gler avec la directrice r\u00e9gionale en question, datant, probablement de l\u2019\u00e9poque o\u00f9 elles travaillaient sous les ordres de cette directrice, dans une autre r\u00e9gion sanitaire. Ces collaboratrices auraient laiss\u00e9 croire au ministre que les personnes vaccin\u00e9es \u00e9taient des agents administratifs.<\/p>\n<p>Ensuite, le ministre a \u00e9t\u00e9 un tant soit peu, impulsif, en n\u2019attendant pas de v\u00e9rifier le bien fond\u00e9 de ces accusations.<\/p>\n<p>Et, enfin, il y a cette histoire de retrait des doses de Sputnik V, qui n\u2019a pas fini de susciter la curiosit\u00e9 de tout le monde. Puisque certaines langues n\u2019ont pas h\u00e9sit\u00e9 \u00e0 pr\u00e9tendre que le minist\u00e8re a ordonn\u00e9 le retrait de ces doses pour les pr\u00e9server \u00e0 certaines personnalit\u00e9s du pays, qui les pr\u00e9f\u00e8rent aux vaccins de Pfizer, puisque ces derniers ont acquis la f\u00e2cheuse r\u00e9putation de \u00ab\u00a0toucher aux g\u00e8nes des patients\u00a0\u00bb. Ce qui est, soit dit au passage, faux, puisque le fait d\u2019utiliser un vaccin qui s\u2019appuie sur l\u2019ARN ne touche et ne modifie en rien les g\u00e8nes des gens.<\/p>\n<p>Maintenant, la question qui reste \u00e0 \u00e9lucider, c\u2019est celle de savoir pour qui ces doses de vaccin Sputnik ont \u00e9t\u00e9 pr\u00e9serv\u00e9es et retir\u00e9es des centres de vaccination\u00a0?<\/p>\n<div class=\"swp_social_panel swp_horizontal_panel swp_flat_fresh swp_default_full_color swp_individual_full_color swp_other_full_color scale-100 scale-\" data-min-width=\"1100\" data-float-color=\"#ffffff\" data-float=\"bottom\" data-float-mobile=\"bottom\" data-transition=\"slide\">\n<div class=\"nc_tweetContainer swp_share_button total_shares total_sharesalt\"><span class=\"swp_count\">4 <span class=\"swp_label\">Partages<\/span><\/span><\/div>\n<\/div>\n<p><strong>Que se passe-t-il en Tunisie?<\/strong><br \/>Nous expliquons sur notre <a href=\"https:\/\/www.youtube.com\/channel\/UCRzypVq0B_yBad5eGrwBx0Q?sub_confirmation=1\" target=\"_blank\" rel=\"noopener\">cha\u00eene YouTube<\/a> . <a href=\"https:\/\/www.youtube.com\/channel\/UCRzypVq0B_yBad5eGrwBx0Q?sub_confirmation=1\" target=\"_blank\" rel=\"noopener\">Abonnez-vous!<\/a><\/p>\n<div class=\"mvp-org-wrap\" itemprop=\"publisher\">\n<div class=\"mvp-org-logo\" itemprop=\"logo\"><img decoding=\"async\" src=\"https:\/\/www.tunisienumerique.com\/wp-content\/uploads\/2017\/02\/logo_tunisie_numerique.png\"\/><br \/>\n<meta itemprop=\"url\" content=\"https:\/\/www.tunisienumerique.com\/wp-content\/uploads\/2017\/02\/logo_tunisie_numerique.png\"\/><\/div>\n<p><meta content=\"Tunisie\"\/><\/div>\n<div class=\"mvp-related-posts left relative\">\n<h4 class=\"post-header\"><span class=\"post-header\">Lire aussi<\/span><\/h4>\n<\/div>\n<div id=\"article-ad\">\n <ins class=\"adsbygoogle c5\" data-ad-client=\"ca-pub-2102118777505746\" data-ad-slot=\"6513972734\" data-ad-format=\"auto\" data-full-width-responsive=\"true\"\/>\n<\/div>\n<\/div>\n<div id=\"post-sidebar-wrap\">\n <ins class=\"adsbygoogle c5\" data-ad-client=\"ca-pub-2102118777505746\" data-ad-slot=\"6168283410\" data-ad-format=\"auto\" data-full-width-responsive=\"true\"\/>\n<\/div>\n<p>Auteur: Saber .<br \/>\n<a href=\"https:\/\/www.tunisienumerique.com\/tunisie-pour-quelle-raison-le-vaccin-sputnik-a-t-il-ete-retire-des-centres-de-vaccination\/\">Cliquez ici pour lire l&rsquo;article depuis sa source.<\/a><\/p>\n","protected":false},"excerpt":{"rendered":"<p>Par Saber . \u00a0| Il y a 1 heure \ud83d\udd0a \u00c9coutez l&rsquo;article Les faits ont \u00e9t\u00e9 r\u00e9v\u00e9l\u00e9s par l\u2019anecdote du limogeage de la directrice r\u00e9gionale de la sant\u00e9 de La Manouba. Le ministre, en col\u00e8re, lui a signifi\u00e9, hier qu\u2019il mettait fin \u00e0 ses fonctions. Le motif de ce limogeage, c\u2019est qu\u2019elle aurait outrepass\u00e9 ses [&hellip;]<\/p>\n","protected":false},"author":1789,"featured_media":0,"comment_status":"closed","ping_status":"closed","sticky":false,"template":"","format":"standard","meta":{"fifu_image_url":"https:\/\/secure.gravatar.com\/avatar\/96253f4a657b482a18e837c1252096c2?s=50&d=mm&r=g","fifu_image_alt":"Tunisie \u2013 Pour quelle raison le vaccin Sputnik a-t-il \u00e9t\u00e9 retir\u00e9 des centres de vaccination\u00a0?","footnotes":""},"categories":[73,55],"tags":[],"class_list":["post-113662","post","type-post","status-publish","format-standard","hentry","category-actualite","category-tunisie"],"_links":{"self":[{"href":"https:\/\/linitiative.ca\/International\/wp-json\/wp\/v2\/posts\/113662","targetHints":{"allow":["GET"]}}],"collection":[{"href":"https:\/\/linitiative.ca\/International\/wp-json\/wp\/v2\/posts"}],"about":[{"href":"https:\/\/linitiative.ca\/International\/wp-json\/wp\/v2\/types\/post"}],"author":[{"embeddable":true,"href":"https:\/\/linitiative.ca\/International\/wp-json\/wp\/v2\/users\/1789"}],"replies":[{"embeddable":true,"href":"https:\/\/linitiative.ca\/International\/wp-json\/wp\/v2\/comments?post=113662"}],"version-history":[{"count":0,"href":"https:\/\/linitiative.ca\/International\/wp-json\/wp\/v2\/posts\/113662\/revisions"}],"wp:attachment":[{"href":"https:\/\/linitiative.ca\/International\/wp-json\/wp\/v2\/media?parent=113662"}],"wp:term":[{"taxonomy":"category","embeddable":true,"href":"https:\/\/linitiative.ca\/International\/wp-json\/wp\/v2\/categories?post=113662"},{"taxonomy":"post_tag","embeddable":true,"href":"https:\/\/linitiative.ca\/International\/wp-json\/wp\/v2\/tags?post=113662"}],"curies":[{"name":"wp","href":"https:\/\/api.w.org\/{rel}","templated":true}]}}