{"id":113665,"date":"2021-03-24T16:35:59","date_gmt":"2021-03-24T20:35:59","guid":{"rendered":"https:\/\/linitiative.ca\/International\/tunisie-arp-ghannouchi-recoit-la-nouvelle-deleguee-regionale-de-la-fondation-hanns-seidel\/"},"modified":"2021-03-24T16:35:59","modified_gmt":"2021-03-24T20:35:59","slug":"tunisie-arp-ghannouchi-recoit-la-nouvelle-deleguee-regionale-de-la-fondation-hanns-seidel","status":"publish","type":"post","link":"https:\/\/linitiative.ca\/International\/tunisie-arp-ghannouchi-recoit-la-nouvelle-deleguee-regionale-de-la-fondation-hanns-seidel\/","title":{"rendered":"Tunisie-ARP : Ghannouchi re\u00e7oit la nouvelle D\u00e9l\u00e9gu\u00e9e R\u00e9gionale de la Fondation Hanns Seidel"},"content":{"rendered":"<div class=\"post-cont-in left relative\">\n<div id=\"post-info-wrap\" class=\"left relative post-info-out\">\n<div class=\"post-info-img left relative\"><img decoding=\"async\" alt=\"\" src=\"https:\/\/secure.gravatar.com\/avatar\/ea481d7287ad38ca1787f44b5bb1b70e?s=50&amp;d=mm&amp;r=g\" srcset=\"https:\/\/secure.gravatar.com\/avatar\/ea481d7287ad38ca1787f44b5bb1b70e?s=100&amp;d=mm&amp;r=g 2x\" class=\"avatar avatar-50 photo\" height=\"50\" width=\"50\" loading=\"lazy\"\/><\/div>\n<div class=\"post-info-in\">\n<div class=\"post-info-right left relative post-info-name left relative\"><span><span class=\"post-info-text\">Par<\/span> <span class=\"author-name vcard fn author\"><a href=\"https:\/\/www.tunisienumerique.com\/author\/rania-ben-slimane\/\" title=\"Articles par rania ben slimane\" rel=\"author\">rania ben slimane<\/a><\/span><\/span> <span class=\"post-date updated\"><time class=\"post-date updated\" datetime=\"2021-03-24\">\u00a0| Il y a 2 minutes<\/time><\/span><br \/>\n<meta itemprop=\"dateModified\" content=\"2021-03-24\"\/><\/div>\n<div class=\"left relative\"><button id=\"listenButton1\" class=\"responsivevoice-button\" type=\"button\" value=\"Play\" title=\"\u00c9coutez l'article\"><span>\ud83d\udd0a \u00c9coutez l&rsquo;article<\/span><\/button>\n<\/div>\n<\/div>\n<\/div>\n<p>Le pr\u00e9sident de l\u2019ARP, Rached Ghannouchi, a re\u00e7u aujourd\u2019hui au palais du Bardo la nouvelle D\u00e9l\u00e9gu\u00e9e R\u00e9gionale de la Fondation Hanns Seidel (bureau de Tunis, Alg\u00e9rie, Libye) et le repr\u00e9sentant r\u00e9gional sortant, Dr Zaid Dilmi.<\/p>\n<div class=\"code-block code-block-1 c4\">\n <ins class=\"adsbygoogle c3\" data-ad-layout=\"in-article\" data-ad-format=\"fluid\" data-ad-client=\"ca-pub-2102118777505746\" data-ad-slot=\"7301775417\"\/>\n<\/div>\n<p>Lors de cette rencontre, Ghannouchi a salu\u00e9 la coop\u00e9ration existante entre le Parlement et la Fondation Hans Seidel, notamment en mati\u00e8re de la mise en place des Ressources Parlementaires, l\u2019am\u00e9nagement d\u2019un espace r\u00e9serv\u00e9 \u00e0 la conservation de l\u2019archive parlementaire au b\u00e2timent annexe, ainsi que la num\u00e9risation et l\u2019impression des volumes des d\u00e9lib\u00e9rations de l\u2019Assembl\u00e9e Nationale Constituante sur la Constitution.<\/p>\n<p>Le Pr\u00e9sident du Parlement a \u00e9galement exprim\u00e9 sa gratitude pour le soutien de l\u2019Allemagne au processus de transition d\u00e9mocratique en Tunisie.<\/p>\n<p>Indiquant que la d\u00e9mocratie tunisienne a encore besoin de plus de soutien de la part des d\u00e9mocraties anciennes pour lui permettre de r\u00e9pondre aux aspirations des tunisiens \u00e0 la libert\u00e9, \u00e0 la croissance et \u00e0 la stabilit\u00e9.<\/p>\n<p>De son c\u00f4t\u00e9, la nouvelle d\u00e9l\u00e9gu\u00e9e r\u00e9gionale de la Fondation Hans Seidel, Uta Stachowski a exprim\u00e9 son admiration pour les options progressistes adopt\u00e9es par la Tunisie pour r\u00e9aliser son projet d\u00e9mocratique.<\/p>\n<p>Soulignant son intention de continuer \u00e0 fournir des efforts pour soutenir le r\u00f4le jou\u00e9 par la Fondation Hans Seidel et \u00e9largir le cercle de coop\u00e9ration avec la Tunisie.<\/p>\n<p>Le D\u00e9l\u00e9gu\u00e9 R\u00e9gional sortant, le Dr Zaid Dilmi, a exprim\u00e9 sa gratitude pour la compr\u00e9hension et la coop\u00e9ration qu\u2019il a re\u00e7ues en Tunisie pour s\u2019acquitter de ses fonctions dans les meilleures conditions.<\/p>\n<p>Il a affirm\u00e9 \u00e9galement que son successeur suivra la m\u00eame d\u00e9marche pour renforcer davantage les relations tuniso-allemandes dans le domaine de comp\u00e9tence de cette organisation.<\/p>\n<div class=\"swp_social_panel swp_horizontal_panel swp_flat_fresh swp_default_full_color swp_individual_full_color swp_other_full_color scale-100 scale-\" data-min-width=\"1100\" data-float-color=\"#ffffff\" data-float=\"bottom\" data-float-mobile=\"bottom\" data-transition=\"slide\">\n<div class=\"nc_tweetContainer swp_share_button total_shares total_sharesalt\"><span class=\"swp_count\">0 <span class=\"swp_label\">Partages<\/span><\/span><\/div>\n<\/div>\n<p><strong>Que se passe-t-il en Tunisie?<\/strong><br \/>Nous expliquons sur notre <a href=\"https:\/\/www.youtube.com\/channel\/UCRzypVq0B_yBad5eGrwBx0Q?sub_confirmation=1\" target=\"_blank\" rel=\"noopener\">cha\u00eene YouTube<\/a> . <a href=\"https:\/\/www.youtube.com\/channel\/UCRzypVq0B_yBad5eGrwBx0Q?sub_confirmation=1\" target=\"_blank\" rel=\"noopener\">Abonnez-vous!<\/a><\/p>\n<div class=\"mvp-org-wrap\" itemprop=\"publisher\">\n<div class=\"mvp-org-logo\" itemprop=\"logo\"><img decoding=\"async\" src=\"https:\/\/www.tunisienumerique.com\/wp-content\/uploads\/2017\/02\/logo_tunisie_numerique.png\"\/><br \/>\n<meta itemprop=\"url\" content=\"https:\/\/www.tunisienumerique.com\/wp-content\/uploads\/2017\/02\/logo_tunisie_numerique.png\"\/><\/div>\n<p><meta content=\"Tunisie\"\/><\/div>\n<div class=\"mvp-related-posts left relative\">\n<h4 class=\"post-header\"><span class=\"post-header\">Lire aussi<\/span><\/h4>\n<\/div>\n<div id=\"article-ad\">\n <ins class=\"adsbygoogle c5\" data-ad-client=\"ca-pub-2102118777505746\" data-ad-slot=\"6513972734\" data-ad-format=\"auto\" data-full-width-responsive=\"true\"\/>\n<\/div>\n<\/div>\n<div id=\"post-sidebar-wrap\">\n <ins class=\"adsbygoogle c5\" data-ad-client=\"ca-pub-2102118777505746\" data-ad-slot=\"6168283410\" data-ad-format=\"auto\" data-full-width-responsive=\"true\"\/>\n<\/div>\n<p>Auteur: rania ben slimane<br \/>\n<a href=\"https:\/\/www.tunisienumerique.com\/tunisie-arp-ghannouchi-recoit-la-nouvelle-deleguee-regionale-de-la-fondation-hanns-seidel\/\">Cliquez ici pour lire l&rsquo;article depuis sa source.<\/a><\/p>\n","protected":false},"excerpt":{"rendered":"<p>Par rania ben slimane \u00a0| Il y a 2 minutes \ud83d\udd0a \u00c9coutez l&rsquo;article Le pr\u00e9sident de l\u2019ARP, Rached Ghannouchi, a re\u00e7u aujourd\u2019hui au palais du Bardo la nouvelle D\u00e9l\u00e9gu\u00e9e R\u00e9gionale de la Fondation Hanns Seidel (bureau de Tunis, Alg\u00e9rie, Libye) et le repr\u00e9sentant r\u00e9gional sortant, Dr Zaid Dilmi. Lors de cette rencontre, Ghannouchi a salu\u00e9 [&hellip;]<\/p>\n","protected":false},"author":1789,"featured_media":0,"comment_status":"closed","ping_status":"closed","sticky":false,"template":"","format":"standard","meta":{"fifu_image_url":"https:\/\/secure.gravatar.com\/avatar\/ea481d7287ad38ca1787f44b5bb1b70e?s=50&d=mm&r=g","fifu_image_alt":"Tunisie-ARP : Ghannouchi re\u00e7oit la nouvelle D\u00e9l\u00e9gu\u00e9e R\u00e9gionale de la Fondation Hanns Seidel","footnotes":""},"categories":[73,55],"tags":[],"class_list":["post-113665","post","type-post","status-publish","format-standard","hentry","category-actualite","category-tunisie"],"_links":{"self":[{"href":"https:\/\/linitiative.ca\/International\/wp-json\/wp\/v2\/posts\/113665","targetHints":{"allow":["GET"]}}],"collection":[{"href":"https:\/\/linitiative.ca\/International\/wp-json\/wp\/v2\/posts"}],"about":[{"href":"https:\/\/linitiative.ca\/International\/wp-json\/wp\/v2\/types\/post"}],"author":[{"embeddable":true,"href":"https:\/\/linitiative.ca\/International\/wp-json\/wp\/v2\/users\/1789"}],"replies":[{"embeddable":true,"href":"https:\/\/linitiative.ca\/International\/wp-json\/wp\/v2\/comments?post=113665"}],"version-history":[{"count":0,"href":"https:\/\/linitiative.ca\/International\/wp-json\/wp\/v2\/posts\/113665\/revisions"}],"wp:attachment":[{"href":"https:\/\/linitiative.ca\/International\/wp-json\/wp\/v2\/media?parent=113665"}],"wp:term":[{"taxonomy":"category","embeddable":true,"href":"https:\/\/linitiative.ca\/International\/wp-json\/wp\/v2\/categories?post=113665"},{"taxonomy":"post_tag","embeddable":true,"href":"https:\/\/linitiative.ca\/International\/wp-json\/wp\/v2\/tags?post=113665"}],"curies":[{"name":"wp","href":"https:\/\/api.w.org\/{rel}","templated":true}]}}