{"id":113668,"date":"2021-03-24T15:09:23","date_gmt":"2021-03-24T19:09:23","guid":{"rendered":"https:\/\/linitiative.ca\/International\/le-nouveau-president-libyen-a-lelysee\/"},"modified":"2021-03-24T15:09:23","modified_gmt":"2021-03-24T19:09:23","slug":"le-nouveau-president-libyen-a-lelysee","status":"publish","type":"post","link":"https:\/\/linitiative.ca\/International\/le-nouveau-president-libyen-a-lelysee\/","title":{"rendered":"LE NOUVEAU PRESIDENT LIBYEN A L\u2019ELYSEE"},"content":{"rendered":"<p class=\"c4\"><em>Apr\u00e8s l\u2019installation de son gouvernement le 15\u00a0 mars dernier, le nouveau pr\u00e9sident libyen Abdelhamid Dbeidah a entrepris une r\u00e9conciliation diplomatique. En effet, apr\u00e8s avoir re\u00e7u le pr\u00e9sident tunisien, la semaine derri\u00e8re, il \u00e9tait le 23 mars dernier \u00e0 l\u2019Elys\u00e9e o\u00f9 il a \u00e9chang\u00e9 discr\u00e8tement avec le num\u00e9ro une des Fran\u00e7ais. Cette audience vaut son pesant d\u2019or quand on sait que non seulement, la France est un partenaire privil\u00e9gi\u00e9 de la Libye mais aussi parce que l\u2019on sait que les relations entre Paris et Tripoli, \u00e9taient devenues trop glaciales en raison du soutien suppos\u00e9 des autorit\u00e9s fran\u00e7aises au mar\u00e9chal Khalifa Haftar. On ose donc esp\u00e9rer que cette rencontre au sommet a permis aux deux pays \u00a0\u00a0d\u2019aplanir les difficult\u00e9s. En tout cas, cette tourn\u00e9e diplomatique que\u00a0 vient d\u2019entreprendre le nouveau ma\u00eetre de Tripoli a toute son importance quand on sait qu\u2019il fait l\u2019objet de critique de la part de l\u2019ONU qui estime que sa d\u00e9signation ne s\u2019est pas faite dans les r\u00e8gles de l\u2019art. Dbeidah et son gouvernement ont donc besoin de soutiens au sein de la communaut\u00e9 internationale. Surtout qu\u2019il s\u2019agit l\u00e0, th\u00e9oriquement, d\u2019un gouvernement d\u2019union et de r\u00e9conciliation nationale, cens\u00e9 supplanter les deux entit\u00e9s antagonistes que repr\u00e9sentent le gouvernement de Tripoli reconnu par la communaut\u00e9 internationale et dirig\u00e9 par Fayez Al Assad, et les forces du Mar\u00e9chal Khalifa Haftar, l\u2019homme fort de l\u2019Est.<\/em><\/p>\n<p class=\"c4\"><em>\u00a0<\/em><\/p>\n<p class=\"c6\"><strong><em>R\u00e9ussir \u00e0 organiser des \u00e9lections dans ce capharna\u00fcm libyen \u00e9tait devenu, par la force des choses, une gageure<\/em><\/strong><\/p>\n<p class=\"c4\"><em>\u00a0<\/em><\/p>\n<p class=\"c4\"><em>\u00a0<\/em><\/p>\n<p class=\"c4\"><em>\u00a0Mais aussi conduire le pays \u00e0 des \u00e9lections libres, transparentes et inclusives d\u2019ici \u00e0 la fin de l\u2019ann\u00e9e 2021. Un pari qui est loin d\u2019\u00eatre gagn\u00e9 \u00e0 l\u2019avance, eu \u00e9gard \u00e0 l\u2019ampleur du chantier de la r\u00e9conciliation nationale et le rafistolage du tissu social qui va largement au-del\u00e0 des rivalit\u00e9s entre groupes arm\u00e9s, pour se perdre dans l\u2019ab\u00eeme des int\u00e9r\u00eats des grandes puissances occidentales qui se livrent une guerre par procuration pour le contr\u00f4le des richesses gazi\u00e8res et p\u00e9troli\u00e8res du pays. C\u2019est dire si le plus dur commence maintenant. Car, d\u2019abord, r\u00e9ussir \u00e0 organiser des \u00e9lections dans ce capharna\u00fcm libyen \u00e9tait devenu, par la force des choses, une gageure depuis la disparition du Colonel Khadafi dans les conditions que l\u2019on sait. Ensuite, parvenir, dans le contexte actuel, \u00e0 pacifier un pays qui ne parle que le langage des armes depuis pr\u00e8s d\u2019une d\u00e9cennie pour aller \u00e0 des \u00e9lections d\u00e9mocratiques dans moins de neuf mois, n\u2019est pas non plus une sin\u00e9cure.\u00a0 D\u2019autant que tout porte \u00e0 croire que le sort de leur pays ne d\u00e9pend pas que de la seule volont\u00e9 des Libyens eux-m\u00eames. Bien entendu, il leur revient de savoir taire leurs divergences et autres ranc\u0153urs\u00a0 pour donner une chance \u00e0 la paix dans leur pays. C\u2019est en cela que l\u2019on peut saluer la cr\u00e9ation d\u2019un minist\u00e8re charg\u00e9 de la r\u00e9conciliation nationale dans le nouvel Ex\u00e9cutif.\u00a0 Mais quid des puissances occidentales qui s\u2019acharnent tels des vautours sur la carcasse de la Libye\u00a0et dont certaines se sont investies jusqu\u2019au cou, dans la guerre fratricide au pays de Mouammar Khadafi au nom de leurs seuls int\u00e9r\u00eats\u00a0?\u00a0 Si, comme il y a des raisons de le croire, ces grandes puissances tirent particuli\u00e8rement int\u00e9r\u00eat de la situation chaotique qui r\u00e8gne en Libye, l\u2019on peut craindre que le retour \u00e0 la paix dans ce \u00a0pays ne soit finalement une arl\u00e9sienne.<\/em><\/p>\n<p class=\"c4\"><em>\u00a0<\/em><\/p>\n<p class=\"c6\"><strong><em>Tant que cette situation perdurera, on peut \u00eatre pessimiste pour un retour rapide de la paix en Libye<\/em><\/strong><\/p>\n<p class=\"c6\"><strong><em>\u00a0<\/em><\/strong><\/p>\n<p class=\"c4\"><em>C\u2019est dire s\u2019il est temps que les grandes puissances cessent leur hypocrisie en Libye pour donner des chances \u00e0 ce pays meurtri par tant d\u2019ann\u00e9es de guerre, de rebondir afin de se donner les moyens de signer son retour \u00e0 l\u2019ordre constitutionnel normal dans les meilleurs d\u00e9lais.\u00a0 Autrement, \u00e0 d\u00e9faut d\u2019\u00eatre impossible, la feuille de route pour pacifier le pays et le conduire \u00e0 des \u00e9lections pluralistes, risque d\u2019\u00eatre la mer \u00e0 boire pour le nouveau gouvernement libyen. C\u2019est dire si bien plus que dans celles des Libyens, une bonne partie de la solution au conflit qui d\u00e9chire leur pays, est dans les mains de la communaut\u00e9 internationale\u00a0; particuli\u00e8rement les grandes puissances qui tirent leur force de l\u2019impuissance de l\u2019Organisation des nations unies (ONU) \u00e0 faire respecter ses embargos sur les armes\u00a0; embargos qui sont all\u00e8grement et impun\u00e9ment viol\u00e9s par plusieurs de ses membres et pas des moindres. Ainsi, plusieurs rapports ont, tour \u00e0 tour, mis \u00e0 l\u2019index des pays comme la Turquie, la Russie, les Emirats arabes unis, la Jordanie, l\u2019Egypte et la Syrie, tandis que la France a \u00e9t\u00e9 aussi mise sur la sellette pour son jeu trouble et son soutien pr\u00e9sum\u00e9 \u00e0 l\u2019une des parties au conflit apr\u00e8s la d\u00e9couverte de missiles lui appartenant, sur le champ des op\u00e9rations. En tout \u00e9tat de cause, tant que cette situation perdurera, on peut \u00eatre pessimiste pour un retour rapide de la paix en Libye, et \u00a0plus encore pour le retour \u00e0 l\u2019ordre constitutionnel normal dans les d\u00e9lais que s\u2019est fix\u00e9s le \u00a0nouveau gouvernement.<\/em><\/p>\n<p class=\"c4\"><em>\u00a0<\/em><\/p>\n<p class=\"c6\"><strong><em>\u00ab\u00a0Le Pays\u00a0\u00bb<\/em><\/strong><\/p>\n<p class=\"c6\"><strong><em>\u00a0<\/em><\/strong><\/p>\n<p>Auteur: Editions LEPAYS<br \/>\n<a href=\"https:\/\/lepays.bf\/le-nouveau-president-libyen-a-lelysee-2\/\">Cliquez ici pour lire l&rsquo;article depuis sa source.<\/a><\/p>\n","protected":false},"excerpt":{"rendered":"<p>Apr\u00e8s l\u2019installation de son gouvernement le 15\u00a0 mars dernier, le nouveau pr\u00e9sident libyen Abdelhamid Dbeidah a entrepris une r\u00e9conciliation diplomatique. En effet, apr\u00e8s avoir re\u00e7u le pr\u00e9sident tunisien, la semaine derri\u00e8re, il \u00e9tait le 23 mars dernier \u00e0 l\u2019Elys\u00e9e o\u00f9 il a \u00e9chang\u00e9 discr\u00e8tement avec le num\u00e9ro une des Fran\u00e7ais. Cette audience vaut son pesant [&hellip;]<\/p>\n","protected":false},"author":1813,"featured_media":0,"comment_status":"closed","ping_status":"closed","sticky":false,"template":"","format":"standard","meta":{"fifu_image_url":"","fifu_image_alt":"","footnotes":""},"categories":[73,81],"tags":[],"class_list":["post-113668","post","type-post","status-publish","format-standard","hentry","category-actualite","category-burkina-faso"],"_links":{"self":[{"href":"https:\/\/linitiative.ca\/International\/wp-json\/wp\/v2\/posts\/113668","targetHints":{"allow":["GET"]}}],"collection":[{"href":"https:\/\/linitiative.ca\/International\/wp-json\/wp\/v2\/posts"}],"about":[{"href":"https:\/\/linitiative.ca\/International\/wp-json\/wp\/v2\/types\/post"}],"author":[{"embeddable":true,"href":"https:\/\/linitiative.ca\/International\/wp-json\/wp\/v2\/users\/1813"}],"replies":[{"embeddable":true,"href":"https:\/\/linitiative.ca\/International\/wp-json\/wp\/v2\/comments?post=113668"}],"version-history":[{"count":0,"href":"https:\/\/linitiative.ca\/International\/wp-json\/wp\/v2\/posts\/113668\/revisions"}],"wp:attachment":[{"href":"https:\/\/linitiative.ca\/International\/wp-json\/wp\/v2\/media?parent=113668"}],"wp:term":[{"taxonomy":"category","embeddable":true,"href":"https:\/\/linitiative.ca\/International\/wp-json\/wp\/v2\/categories?post=113668"},{"taxonomy":"post_tag","embeddable":true,"href":"https:\/\/linitiative.ca\/International\/wp-json\/wp\/v2\/tags?post=113668"}],"curies":[{"name":"wp","href":"https:\/\/api.w.org\/{rel}","templated":true}]}}