{"id":113669,"date":"2021-03-24T15:19:03","date_gmt":"2021-03-24T19:19:03","guid":{"rendered":"https:\/\/linitiative.ca\/International\/reprise-du-proces-de-lopposant-rwandais\/"},"modified":"2021-03-24T15:19:03","modified_gmt":"2021-03-24T19:19:03","slug":"reprise-du-proces-de-lopposant-rwandais","status":"publish","type":"post","link":"https:\/\/linitiative.ca\/International\/reprise-du-proces-de-lopposant-rwandais\/","title":{"rendered":"REPRISE DU PROCES DE L\u2019OPPOSANT RWANDAIS"},"content":{"rendered":"<p class=\"c4\"><em>H\u00e9ros ou z\u00e9ro\u00a0? Telle est la probl\u00e9matique du proc\u00e8s de l\u2019opposant\u00a0 rwandais Paul Rusesabagina, repris le 24 mars 2021 \u00e0 Kigali. Et le moins que l\u2019on puisse dire, c\u2019est que l\u2019\u00e9tau semble se resserrer davantage autour de cet opposant, au regard des propos des t\u00e9moins qui ont d\u00e9fil\u00e9 \u00e0 la barre.\u00a0 Paul Rusesabagina a-t-il encore des chances d\u2019\u00e9chapper \u00e0 une condamnation\u00a0? On en doute fort. Avec une vingtaine d\u2019autres accus\u00e9s, tous soup\u00e7onn\u00e9s d\u2019appartenance \u00e0 un groupe subversif qui compte \u00e0 son actif plusieurs attaques revendiqu\u00e9es dans le Sud du pays, en 2018, le h\u00e9ros du non moins c\u00e9l\u00e8bre film H\u00f4tel Rwanda qui retrace certaines p\u00e9rip\u00e9ties du g\u00e9nocide de 1994, est jug\u00e9 pour \u00ab\u00a0terrorisme\u00a0\u00bb par la Justice de son pays. Le moins que l\u2019on puisse dire, c\u2019est qu\u2019il ne fait pas bon \u00eatre opposant au pr\u00e9sident Kagame au Rwanda. En effet, celui qui dirige son pays d\u2019une main de fer depuis maintenant pr\u00e8s de trois d\u00e9cennies, est connu pour ne pas faire de cadeau \u00e0 ses adversaires. Ce n\u2019est pas l\u2019opposante Victoire Ingabire, rentr\u00e9e au pays en 2010, apr\u00e8s 17 ans d\u2019exil aux Pays Bas, pour d\u00e9fier le ma\u00eetre de Kigali dans les urnes avant de se retrouver peu de temps apr\u00e8s en prison pour une sombre histoire de \u00ab\u00a0conspiration contre les autorit\u00e9s par le terrorisme et la guerre\u00a0\u00bb et \u00ab\u00a0minimisation du g\u00e9nocide de 1994\u00a0\u00bb, qui dira le contraire. Encore moins le c\u00e9l\u00e8bre chanteur devenu opposant, Kisito Mihigo, devenu pratiquement le poil \u00e0 gratter du pouvoir et qui semblait tout aussi abonn\u00e9 au bagne.<\/em><\/p>\n<p class=\"c4\"><em>\u00a0<\/em><\/p>\n<p class=\"c6\"><strong><em>C\u2019est \u00e0 se demander si Paul Kagame ne voit pas en chacun de ses opposants, un Iyad Ag Ghali et un Amadou Kouffa<\/em><\/strong><\/p>\n<p class=\"c4\"><em>\u00a0<\/em><\/p>\n<p class=\"c4\"><em>En effet, \u00a0l\u2019artiste avait \u00e9t\u00e9 jet\u00e9 une premi\u00e8re fois en prison, en 2015, suite \u00e0 une condamnation de 10 ans pour \u00ab\u00a0conspiration en vue d\u2019assassiner le pr\u00e9sident\u00a0\u00bb. Graci\u00e9 en 2018 dans le cadre de la lib\u00e9ration anticip\u00e9e de plus de 2000 prisonniers, d\u00e9cid\u00e9e par l\u2019homme mince de Kigali, l\u2019activiste et ic\u00f4ne de la musique rwandaise avait \u00e9t\u00e9 incarc\u00e9r\u00e9 une nouvelle fois en mi-f\u00e9vrier 2020 pour ne ressortir du cachot moins d\u2019une semaine plus tard qu\u2019entre quatre planches et les pieds devant, dans des circonstances aussi troubles qu\u2019il est difficile de croire \u00e0 la version officielle du suicide\u00a0 soutenue par les autorit\u00e9s de son pays. Son p\u00e9ch\u00e9 \u00e9tait d\u2019avoir cherch\u00e9 \u00e0 quitter son pays o\u00f9 il se sentait \u00e0 l\u2019\u00e9troit et la version officielle avait vite fait de rattacher cette tentative de d\u00e9fection \u00e0 une volont\u00e9 de ralliement d\u2019un \u00ab\u00a0groupe terroriste \u00bb \u00e0 l\u2019ext\u00e9rieur. C\u2019est \u00e0 se demander si Paul Kagame qui s\u2019est constitutionnellement ouvert les portes de la pr\u00e9sidentielle jusqu\u2019en 2034, ne voit pas en chacun de ses opposants, un Iyad Ag Ghali et un Amadou Kouffa bons pour la potence. C\u2019est dire si dans le cas de Paul Rusesabagina, le verdict est connu d\u2019avance.<\/em> <em>En tout cas, tout porte \u00e0 croire qu\u2019il faudra bien plus que son homonymie avec le chef de l\u2019Etat, pour le sauver des fourches caudines d\u2019une Justice aux ordres, dans un pays qui conna\u00eet un verrouillage en r\u00e8gle de l\u2019espace politique. Comment peut-il en \u00eatre autrement quand on sait que ses d\u00e9boires ont commenc\u00e9 d\u00e8s qu\u2019il a commenc\u00e9 \u00e0 se montrer tr\u00e8s critique vis-\u00e0-vis des autorit\u00e9s de son pays\u00a0? En effet, en 2006, fort d\u2019une notori\u00e9t\u00e9 de plus en plus grandissante li\u00e9e au succ\u00e8s de son film, il cr\u00e9e un parti d\u2019opposition, le Parti pour la d\u00e9mocratie au Rwanda (PDR), avec pour \u00ab\u00a0objectif de combattre la dictature \u00e0 parti unique du Front patriotique rwandais de Paul Kagame et les exactions qu\u2019il commet jusqu\u2019\u00e0 aujourd\u2019hui\u00a0\u00bb, selon les propos du secr\u00e9taire ex\u00e9cutif dudit parti, C\u00e9lestin Komeza, au moment o\u00f9 son mentor \u00e9tait toujours en exil.<\/em><\/p>\n<p class=\"c6\"><strong><em>En mati\u00e8re d\u2019ouverture d\u00e9mocratique, Kagam\u00e9 gagnerait \u00e0 mettre\u2026 du mou dans sa poigne de fer<\/em><\/strong><\/p>\n<p class=\"c4\"><em>Si le succ\u00e8s de son film a pu donner \u00e0 Paul Rusesabagina, le vertige au point de croire qu\u2019il pouvait y avoir deux Paul au Rwanda, alors il se sera tromp\u00e9 lourdement. En tout cas, avec un pr\u00e9sident particuli\u00e8rement allergique \u00e0 toute critique dans un pays o\u00f9 des accus\u00e9s se cherchent parfois vainement un avocat, le h\u00e9ros de Hotel Rwanda est bien parti pour apprendre \u00e0 ses d\u00e9pens que qui se frotte \u00e0 l\u2019autre Paul (Kagame), s\u2019y pique forc\u00e9ment. C\u2019est pourquoi l\u2019on a des raisons de croire que c\u2019est son audace politique qui lui vaut largement ses d\u00e9boires judiciaires d\u2019aujourd\u2019hui au point que ses contempteurs n\u2019h\u00e9sitent pas \u00e0 donner de lui, une image aux antipodes du h\u00e9ros du film qu\u2019il a pr\u00e9sent\u00e9. Entre les deux, difficile de dire o\u00f9 se situe la v\u00e9rit\u00e9. Mais au \u00ab\u00a0Kagameland\u00a0\u00bb, la question ne semble pas se poser. Et le plus dur ne semble pas de trouver des charges suffisamment lourdes pour \u00f4ter toute envie de r\u00e9cidive aux plus audacieux.\u00a0 En tout \u00e9tat de cause, au sortir du g\u00e9nocide de 1994, Paul Kagame a certes r\u00e9ussi \u00e0 redresser l\u2019image de son pays au point d\u2019\u00eatre cit\u00e9 en exemple comme l\u2019un des rares dictateurs \u00e9clair\u00e9s du continent. Mais en mati\u00e8re d\u2019ouverture d\u00e9mocratique et de respect des libert\u00e9s individuelles et de presse, il gagnerait \u00e0 mettre\u2026du mou dans sa poigne de fer\u00a0 pour \u00eatre beaucoup plus en phase avec les r\u00e8gles de son temps. Autrement, son h\u00e9ritage politique risque d\u2019\u00eatre trop lourd \u00e0 porter pour son futur successeur.<\/em><\/p>\n<p class=\"c4\"><em>\u00a0<\/em><\/p>\n<p class=\"c6\"><strong><em>\u00a0\u00ab\u00a0Le Pays\u00a0\u00bb<\/em><\/strong><\/p>\n<p class=\"c4\"><em>\u00a0<\/em><\/p>\n<p>Auteur: Editions LEPAYS<br \/>\n<a href=\"https:\/\/lepays.bf\/reprise-du-proces-de-lopposant-rwandais\/\">Cliquez ici pour lire l&rsquo;article depuis sa source.<\/a><\/p>\n","protected":false},"excerpt":{"rendered":"<p>H\u00e9ros ou z\u00e9ro\u00a0? Telle est la probl\u00e9matique du proc\u00e8s de l\u2019opposant\u00a0 rwandais Paul Rusesabagina, repris le 24 mars 2021 \u00e0 Kigali. Et le moins que l\u2019on puisse dire, c\u2019est que l\u2019\u00e9tau semble se resserrer davantage autour de cet opposant, au regard des propos des t\u00e9moins qui ont d\u00e9fil\u00e9 \u00e0 la barre.\u00a0 Paul Rusesabagina a-t-il encore [&hellip;]<\/p>\n","protected":false},"author":1813,"featured_media":0,"comment_status":"closed","ping_status":"closed","sticky":false,"template":"","format":"standard","meta":{"fifu_image_url":"","fifu_image_alt":"","footnotes":""},"categories":[73,81],"tags":[],"class_list":["post-113669","post","type-post","status-publish","format-standard","hentry","category-actualite","category-burkina-faso"],"_links":{"self":[{"href":"https:\/\/linitiative.ca\/International\/wp-json\/wp\/v2\/posts\/113669","targetHints":{"allow":["GET"]}}],"collection":[{"href":"https:\/\/linitiative.ca\/International\/wp-json\/wp\/v2\/posts"}],"about":[{"href":"https:\/\/linitiative.ca\/International\/wp-json\/wp\/v2\/types\/post"}],"author":[{"embeddable":true,"href":"https:\/\/linitiative.ca\/International\/wp-json\/wp\/v2\/users\/1813"}],"replies":[{"embeddable":true,"href":"https:\/\/linitiative.ca\/International\/wp-json\/wp\/v2\/comments?post=113669"}],"version-history":[{"count":0,"href":"https:\/\/linitiative.ca\/International\/wp-json\/wp\/v2\/posts\/113669\/revisions"}],"wp:attachment":[{"href":"https:\/\/linitiative.ca\/International\/wp-json\/wp\/v2\/media?parent=113669"}],"wp:term":[{"taxonomy":"category","embeddable":true,"href":"https:\/\/linitiative.ca\/International\/wp-json\/wp\/v2\/categories?post=113669"},{"taxonomy":"post_tag","embeddable":true,"href":"https:\/\/linitiative.ca\/International\/wp-json\/wp\/v2\/tags?post=113669"}],"curies":[{"name":"wp","href":"https:\/\/api.w.org\/{rel}","templated":true}]}}