{"id":113670,"date":"2021-03-24T15:23:01","date_gmt":"2021-03-24T19:23:01","guid":{"rendered":"https:\/\/linitiative.ca\/International\/nouveau-massacre-terroriste-au-niger\/"},"modified":"2021-03-24T15:23:01","modified_gmt":"2021-03-24T19:23:01","slug":"nouveau-massacre-terroriste-au-niger","status":"publish","type":"post","link":"https:\/\/linitiative.ca\/International\/nouveau-massacre-terroriste-au-niger\/","title":{"rendered":"NOUVEAU MASSACRE TERRORISTE AU NIGER"},"content":{"rendered":"<p class=\"c4\"><em>A peine sorti du deuil d\u00e9cr\u00e9t\u00e9 suite \u00e0 la mort de 66 personnes sauvagement tu\u00e9es \u00e0 Tillaberi, dans la zone des trois fronti\u00e8res entre le Niger, le Mali et le Burkina Faso, le 15 mars dernier, le Niger a encore mis, le 23 mars dernier, ses drapeaux en berne et ce pour trois jours, plong\u00e9 qu\u2019il est \u00e0 nouveau dans la douleur de la perte de 137 personnes massacr\u00e9es, deux jours plus t\u00f4t, dans plusieurs villages et campements de la r\u00e9gion de Tahoua, pr\u00e8s de la fronti\u00e8re malienne. Que se passe-t-il donc au pays du T\u00e9n\u00e9r\u00e9 qui conna\u00eet, ces derniers temps, une recrudescence des actes de violences contre des populations civiles, avec des chiffres (plus de 200 morts en une semaine) qui font froid dans le dos\u00a0? Que ce soit l\u2019\u0153uvre de \u00ab\u00a0bandits arm\u00e9s\u00a0\u00bb comme le soutient le gouvernement nig\u00e9rien dans son communiqu\u00e9, ou de terroristes comme l\u2019on est port\u00e9 \u00e0 le croire,\u00a0 Mohamed Bazoum, le nouveau pr\u00e9sident \u00e9lu du pays, qui attend d\u2019\u00eatre investi le 2 avril prochain, sait \u00e0 quoi s\u2019en tenir, avec ces massacres \u00e0 grande \u00e9chelle qui sonnent comme un accueil sanglant pour un d\u00e9but de mandat qui ne s\u2019annonce pas comme une sin\u00e9cure. Car, quel qu\u2019ait pu \u00eatre son programme de campagne, le d\u00e9fi s\u00e9curitaire semble s\u2019imposer de fait \u00e0 lui comme la priorit\u00e9 des priorit\u00e9s.<\/em><\/p>\n<p class=\"c4\"><em>\u00a0<\/em><\/p>\n<p class=\"c6\"><strong><em>Ces massacres odieux sonnent comme une interpellation du Niger \u00e0 repenser le maillage s\u00e9curitaire et la strat\u00e9gie de lutte contre les forces du mal<\/em><\/strong><\/p>\n<p class=\"c6\"><strong><em>\u00a0<\/em><\/strong><\/p>\n<p class=\"c4\"><em>\u00a0<\/em><\/p>\n<p class=\"c4\"><em>D\u2019autant que dans le cas d\u2019esp\u00e8ce, il s\u2019agit de tueries en masse de populations civiles sans d\u00e9fense, au moment o\u00f9 le pays est pris dans l\u2019engrenage des attaques terroristes sur fond de conflits intercommunautaires.\u00a0<\/em> <em>Toute cette barbarie se d\u00e9roule au moment o\u00f9 le Niger\u00a0 s\u2019appr\u00eate \u00e0 vivre la premi\u00e8re d\u00e9volution pacifique du pouvoir entre deux pr\u00e9sidents \u00e9lus, sur fond de crise post-\u00e9lectorale persistante malgr\u00e9 le r\u00e9cent verdict sans appel de la Cour constitutionnelle en faveur du natif de Diffa. Ceci aurait-il entra\u00een\u00e9 une baisse de vigilance qu\u2019on lierait \u00e0 la parenth\u00e8se de l\u2019\u00e9lection pr\u00e9sidentielle et \u00e0 la vuln\u00e9rabilit\u00e9 actuelle du pays face aux groupes arm\u00e9s aux desseins obscurs, qui \u00e9cument la sous-r\u00e9gion\u00a0? Ou bien faut-il voir dans ces attaques meurtri\u00e8res r\u00e9currentes, une r\u00e9ponse au dernier sommet du G5 Sahel de N\u2019Djamena, qui a d\u00e9cid\u00e9 de concentrer les efforts de lutte contre le terrorisme dans le \u00ab\u00a0triangle de la mort\u00a0\u00bb, c\u2019est-\u00e0-dire dans la zone concern\u00e9e\u00a0? Quoi qu\u2019il en soit, ces massacres odieux sonnent comme une interpellation du Niger \u00e0 repenser le maillage s\u00e9curitaire et la strat\u00e9gie de lutte contre les forces du mal.\u00a0 Car, on se demande si l\u2019arm\u00e9e nig\u00e9rienne tire v\u00e9ritablement le\u00e7on de ces massacres \u00e0 r\u00e9p\u00e9tition qui semblent ob\u00e9ir au m\u00eame mode op\u00e9ratoire, surtout s\u2019il s\u2019av\u00e8re que dans leur strat\u00e9gie, les assaillants attendent presque toujours le d\u00e9part des patrouilles des Forces de d\u00e9fense et de s\u00e9curit\u00e9 (FDS) avant de passer \u00e0 l\u2019action. Et dans le cas d\u2019esp\u00e8ce de ces deux attaques particuli\u00e8rement meurtri\u00e8res en moins d\u2019une semaine, le fait que les terroristes aient pu revenir aussi vite et facilement \u00e0 la charge pour frapper durement malgr\u00e9 la convocation d\u2019un Conseil de d\u00e9fense, interroge fortement sur la capacit\u00e9 de riposte du pays au regard de la vaste \u00e9tendue de son territoire.<\/em><\/p>\n<p class=\"c4\"><em>\u00a0<\/em><\/p>\n<p class=\"c6\"><strong><em>De toute \u00e9vidence, la b\u00eate immonde semble avoir gard\u00e9 toute sa capacit\u00e9 de nuisance<\/em><\/strong><\/p>\n<p class=\"c4\"><em>\u00a0<\/em><\/p>\n<p class=\"c4\"><em>C\u2019est dire si le pr\u00e9sident Bazoum aura du pain sur la planche pour ramener la s\u00e9r\u00e9nit\u00e9 au sein des populations. Au-del\u00e0, ces attaques sont une interpellation aux acteurs politiques nig\u00e9riens \u00e0 vite refermer la parenth\u00e8se de la contestation \u00e9lectorale. Principalement, le candidat malheureux, Mahamane Ousmane, qui est visiblement engag\u00e9 dans un combat perdu d\u2019avance, mais qui contribue \u00e0 fragiliser le pays. C\u2019est pourquoi, \u00e0\u00a0 d\u00e9faut de reconna\u00eetre sa d\u00e9faite, l\u2019ex-chef d\u2019Etat devenu opposant devrait faire preuve de patriotisme en faisant montre d\u2019empathie vis-\u00e0-vis de son peuple meurtri. Autrement, c\u2019est une vilaine image\u00a0 que le Niger renvoie \u00e0 l\u2019ext\u00e9rieur, de voir\u00a0 des politiciens s\u2019\u00e9triper pour le pouvoir au moment o\u00f9 le peuple suscite la compassion d\u2019autres nations\u00a0 dans le double deuil qui le frappe.\u00a0<\/em> <em>Cela dit, ce qui se passe au Niger doit non seulement amener les autres pays de la sous-r\u00e9gion \u00e0 garder l\u2019arme au pied, mais aussi et surtout les forces coalis\u00e9s engag\u00e9es dans la lutte contre le terrorisme dans la sous-r\u00e9gion, \u00e0 se mobiliser davantage pour \u00e9liminer cette menace s\u00e9curitaire permanente qui est r\u00e9dhibitoire au d\u00e9veloppement. Car, de toute \u00e9vidence, la b\u00eate immonde est loin d\u2019\u00eatre vaincue. Pire, au moment o\u00f9 on la croyait mortellement touch\u00e9e au Sahel, elle semble avoir gard\u00e9 toute sa capacit\u00e9 de nuisance. Particuli\u00e8rement dans ces territoires perdus au fond du d\u00e9sert, qui passent pour \u00eatre le ventre mou de la lutte contre le terrorisme dans la sous-r\u00e9gion ouest-africaine. A quand donc la fin de la comptabilit\u00e9 macabre\u00a0? Bien malin qui saurait r\u00e9pondre \u00e0 cette question.<\/em><\/p>\n<p class=\"c4\"><em>\u00a0<\/em><\/p>\n<p class=\"c6\"><strong><em>\u00a0\u00ab\u00a0Le Pays\u00a0\u00bb<\/em><\/strong><\/p>\n<p class=\"c4\"><em>\u00a0<\/em><\/p>\n<p><strong>\u00a0<\/strong><\/p>\n<p><strong><em>\u00a0<\/em><\/strong><\/p>\n<p>Auteur: Editions LEPAYS<br \/>\n<a href=\"https:\/\/lepays.bf\/nouveau-massacre-terroriste-au-niger-2\/\">Cliquez ici pour lire l&rsquo;article depuis sa source.<\/a><\/p>\n","protected":false},"excerpt":{"rendered":"<p>A peine sorti du deuil d\u00e9cr\u00e9t\u00e9 suite \u00e0 la mort de 66 personnes sauvagement tu\u00e9es \u00e0 Tillaberi, dans la zone des trois fronti\u00e8res entre le Niger, le Mali et le Burkina Faso, le 15 mars dernier, le Niger a encore mis, le 23 mars dernier, ses drapeaux en berne et ce pour trois jours, plong\u00e9 [&hellip;]<\/p>\n","protected":false},"author":1813,"featured_media":0,"comment_status":"closed","ping_status":"closed","sticky":false,"template":"","format":"standard","meta":{"fifu_image_url":"","fifu_image_alt":"","footnotes":""},"categories":[73,81],"tags":[],"class_list":["post-113670","post","type-post","status-publish","format-standard","hentry","category-actualite","category-burkina-faso"],"_links":{"self":[{"href":"https:\/\/linitiative.ca\/International\/wp-json\/wp\/v2\/posts\/113670","targetHints":{"allow":["GET"]}}],"collection":[{"href":"https:\/\/linitiative.ca\/International\/wp-json\/wp\/v2\/posts"}],"about":[{"href":"https:\/\/linitiative.ca\/International\/wp-json\/wp\/v2\/types\/post"}],"author":[{"embeddable":true,"href":"https:\/\/linitiative.ca\/International\/wp-json\/wp\/v2\/users\/1813"}],"replies":[{"embeddable":true,"href":"https:\/\/linitiative.ca\/International\/wp-json\/wp\/v2\/comments?post=113670"}],"version-history":[{"count":0,"href":"https:\/\/linitiative.ca\/International\/wp-json\/wp\/v2\/posts\/113670\/revisions"}],"wp:attachment":[{"href":"https:\/\/linitiative.ca\/International\/wp-json\/wp\/v2\/media?parent=113670"}],"wp:term":[{"taxonomy":"category","embeddable":true,"href":"https:\/\/linitiative.ca\/International\/wp-json\/wp\/v2\/categories?post=113670"},{"taxonomy":"post_tag","embeddable":true,"href":"https:\/\/linitiative.ca\/International\/wp-json\/wp\/v2\/tags?post=113670"}],"curies":[{"name":"wp","href":"https:\/\/api.w.org\/{rel}","templated":true}]}}