{"id":113672,"date":"2021-03-24T17:11:59","date_gmt":"2021-03-24T21:11:59","guid":{"rendered":"https:\/\/linitiative.ca\/International\/rentree-parlementaire-au-mali-bala-sakande-invite-par-son-homologue-malien\/"},"modified":"2021-03-24T17:11:59","modified_gmt":"2021-03-24T21:11:59","slug":"rentree-parlementaire-au-mali-bala-sakande-invite-par-son-homologue-malien","status":"publish","type":"post","link":"https:\/\/linitiative.ca\/International\/rentree-parlementaire-au-mali-bala-sakande-invite-par-son-homologue-malien\/","title":{"rendered":"Rentr\u00e9e parlementaire au Mali  : Bala Sakand\u00e9 invit\u00e9  par son homologue malien"},"content":{"rendered":"<div class=\"td-post-featured-image\"><a href=\"https:\/\/www.sidwaya.info\/wp-content\/uploads\/2021\/03\/1-40.jpg\" data-caption=\"\"><img loading=\"lazy\" decoding=\"async\" width=\"595\" height=\"397\" class=\"entry-thumb td-modal-image\" src=\"https:\/\/www.sidwaya.info\/wp-content\/uploads\/2021\/03\/1-40.jpg\" srcset=\"https:\/\/www.sidwaya.info\/wp-content\/uploads\/2021\/03\/1-40.jpg 595w, https:\/\/www.sidwaya.info\/wp-content\/uploads\/2021\/03\/1-40-300x200.jpg 300w, https:\/\/www.sidwaya.info\/wp-content\/uploads\/2021\/03\/1-40-150x100.jpg 150w\" sizes=\"auto, (max-width: 595px) 100vw, 595px\" alt=\"\" title=\"1\"\/><\/a><\/div>\n<p><strong>Le Pr\u00e9sident de l\u2019Assembl\u00e9e nationale (PAN), Alassane Bala Sakand\u00e9 a re\u00e7u en audience, le mercredi 24 mars 2021 \u00e0 Ouagadougou, une d\u00e9l\u00e9gation du Conseil national de la Transition (CNT) du Mali, conduite par son 1er vice-pr\u00e9sident, Assarid Ag Ambarcaoune.<\/strong><\/p>\n<p>Le Conseil national de la Transition (CNT) du Mali veut s\u2019inspirer de l\u2019exp\u00e9rience du parlement burkinab\u00e8 pour r\u00e9ussir sa mission. Une d\u00e9l\u00e9gation du CNT conduite par son 1er vice-pr\u00e9sident, Assarid Ag Ambarcaouane, a \u00e9t\u00e9 re\u00e7ue \u00e0 cet effet par le Pr\u00e9sident de l\u2019Assembl\u00e9e nationale (PAN), Alassane Bala Sakand\u00e9, hier mercredi 24 mars 2021 \u00e0 Ouagadougou. A sa sortie d\u2019audience, l\u2019\u00e9missaire malien dit \u00eatre venu transmettre un message au chef du parlement burkinab\u00e8. Il s\u2019agit, a-t-il confi\u00e9, d\u2019inviter le PAN burkinab\u00e8 \u00e0 la prochaine rentr\u00e9e parlementaire du CNT \u00e0 Bamako pr\u00e9vue pour se tenir le 5 avril 2021. Aux dires de M. Ag Ambarcaouane, le pr\u00e9sident Sakand\u00e9 les a rassur\u00e9s de r\u00e9pondre favorablement \u00e0 l\u2019invitation de son \u00ab fr\u00e8re \u00bb et pr\u00e9sident du CNT, le colonel Malick Diaw. \u00ab Il nous a re\u00e7us avec toute la sympathie qu\u2019il faut. Nous sortons de cette audience extr\u00eamement satisfaits. D\u2019ailleurs, cela ne nous \u00e9tonne pas, compte tenu des relations s\u00e9culaires et amicales qui existent entre les deux pays \u00bb, s\u2019est r\u00e9joui le chef de la d\u00e9l\u00e9gation malienne.<\/p>\n<p>Assarid Ag Ambarcaouane a par ailleurs laiss\u00e9 entendre que la rencontre a \u00e9t\u00e9 une occasion pour sa d\u00e9l\u00e9gation d\u2019aborder quelques questions d\u2019int\u00e9r\u00eat pour les deux pays notamment la question s\u00e9curitaire. A ce propos, il a indiqu\u00e9 que la souffrance des populations du Sahel commande que cette probl\u00e9matique soit au menu des \u00e9changes. \u00ab Je suis venu au Burkina en 2012 au moment o\u00f9 votre pays \u00e9tait m\u00e9diateur dans le conflit inter-malien. Le Burkina n\u2019\u00e9tait donc pas confront\u00e9 \u00e0 ce genre de conflit. Aujourd\u2019hui, nous sommes tous les deux frapp\u00e9s par le terrorisme international de l\u2019Etat islamique, d\u2019Al-Qa\u00efda et un certain nombre de groupes qui terrorisent les populations et qui affectent nos soldats \u00bb, a-t-il regrett\u00e9. Puis de pr\u00e9ciser qu\u2019il demeure convaincu que le Burkina Faso et le Mali sortiront victorieux dans ce combat pour permettre aux populations des deux pays de vivre dans la paix et la s\u00e9r\u00e9nit\u00e9.<\/p>\n<p>Concernant les vell\u00e9it\u00e9s de certains caciques de la Transition de conqu\u00e9rir l\u2019appareil d\u2019Etat, M. Ag Ambarcaouane a donn\u00e9 des \u00e9claircissements. \u00ab Nous sommes des l\u00e9gislateurs pour un temps bien d\u00e9termin\u00e9. La Transition a une dur\u00e9e de vie de 18 mois et nous faisons tout pour respecter ce d\u00e9lai \u00bb, a-t-il soutenu. Le comportement des uns et des autres \u00e0 l\u2019int\u00e9rieur de la transition n\u2019int\u00e9resse pas le CNT, a-t-il pr\u00e9cis\u00e9. Il a \u00e9galement insist\u00e9 sur le r\u00f4le du CNT qui est d\u2019adopter des r\u00e9formes politiques qui doivent amener le Mali \u00e0 des \u00e9lections g\u00e9n\u00e9rales, transparentes, justes et cr\u00e9dibles accept\u00e9es par tous.<\/p>\n<p class=\"c1\"><strong>Abdoulaye BALBONE<\/strong><br \/><strong>Ir\u00e8ne Laure YAMEOGO (Stagiaire)<\/strong><\/p>\n<div class=\"td-a-rec td-a-rec-id-content_bottom tdi_33_ffd td_block_template_1\">\n<p><img loading=\"lazy\" decoding=\"async\" class=\"aligncenter size-full wp-image-27454\" src=\"https:\/\/www.sidwaya.info\/wp-content\/uploads\/2020\/10\/PUB-Bandeau-paiement-mobile-siteweb.jpg\" alt=\"\" width=\"728\" height=\"90\"\/><\/div>\n<p>Auteur: BM. Sidwaya<br \/>\n<a href=\"https:\/\/www.sidwaya.info\/blog\/2021\/03\/24\/rentree-parlementaire-au-mali-bala-sakande-invite-par-son-homologue-malien\/\">Cliquez ici pour lire l&rsquo;article depuis sa source.<\/a><\/p>\n","protected":false},"excerpt":{"rendered":"<p>Le Pr\u00e9sident de l\u2019Assembl\u00e9e nationale (PAN), Alassane Bala Sakand\u00e9 a re\u00e7u en audience, le mercredi 24 mars 2021 \u00e0 Ouagadougou, une d\u00e9l\u00e9gation du Conseil national de la Transition (CNT) du Mali, conduite par son 1er vice-pr\u00e9sident, Assarid Ag Ambarcaoune. Le Conseil national de la Transition (CNT) du Mali veut s\u2019inspirer de l\u2019exp\u00e9rience du parlement burkinab\u00e8 [&hellip;]<\/p>\n","protected":false},"author":1816,"featured_media":0,"comment_status":"closed","ping_status":"closed","sticky":false,"template":"","format":"standard","meta":{"fifu_image_url":"https:\/\/www.sidwaya.info\/wp-content\/uploads\/2021\/03\/1-40.jpg","fifu_image_alt":"Rentr\u00e9e parlementaire au Mali  : Bala Sakand\u00e9 invit\u00e9  par son homologue malien","footnotes":""},"categories":[73,81],"tags":[],"class_list":["post-113672","post","type-post","status-publish","format-standard","hentry","category-actualite","category-burkina-faso"],"_links":{"self":[{"href":"https:\/\/linitiative.ca\/International\/wp-json\/wp\/v2\/posts\/113672","targetHints":{"allow":["GET"]}}],"collection":[{"href":"https:\/\/linitiative.ca\/International\/wp-json\/wp\/v2\/posts"}],"about":[{"href":"https:\/\/linitiative.ca\/International\/wp-json\/wp\/v2\/types\/post"}],"author":[{"embeddable":true,"href":"https:\/\/linitiative.ca\/International\/wp-json\/wp\/v2\/users\/1816"}],"replies":[{"embeddable":true,"href":"https:\/\/linitiative.ca\/International\/wp-json\/wp\/v2\/comments?post=113672"}],"version-history":[{"count":0,"href":"https:\/\/linitiative.ca\/International\/wp-json\/wp\/v2\/posts\/113672\/revisions"}],"wp:attachment":[{"href":"https:\/\/linitiative.ca\/International\/wp-json\/wp\/v2\/media?parent=113672"}],"wp:term":[{"taxonomy":"category","embeddable":true,"href":"https:\/\/linitiative.ca\/International\/wp-json\/wp\/v2\/categories?post=113672"},{"taxonomy":"post_tag","embeddable":true,"href":"https:\/\/linitiative.ca\/International\/wp-json\/wp\/v2\/tags?post=113672"}],"curies":[{"name":"wp","href":"https:\/\/api.w.org\/{rel}","templated":true}]}}