{"id":113674,"date":"2021-03-24T17:17:57","date_gmt":"2021-03-24T21:17:57","guid":{"rendered":"https:\/\/linitiative.ca\/International\/justice-la-grace-presidentielle-pour-796-detenus\/"},"modified":"2021-03-24T17:17:57","modified_gmt":"2021-03-24T21:17:57","slug":"justice-la-grace-presidentielle-pour-796-detenus","status":"publish","type":"post","link":"https:\/\/linitiative.ca\/International\/justice-la-grace-presidentielle-pour-796-detenus\/","title":{"rendered":"Justice : la gr\u00e2ce pr\u00e9sidentielle pour 796 d\u00e9tenus"},"content":{"rendered":"<div class=\"td-post-featured-image\"><a href=\"https:\/\/www.sidwaya.info\/wp-content\/uploads\/2021\/03\/1-41.jpg\" data-caption=\"\"><img loading=\"lazy\" decoding=\"async\" width=\"546\" height=\"468\" class=\"entry-thumb td-modal-image\" src=\"https:\/\/www.sidwaya.info\/wp-content\/uploads\/2021\/03\/1-41.jpg\" srcset=\"https:\/\/www.sidwaya.info\/wp-content\/uploads\/2021\/03\/1-41.jpg 546w, https:\/\/www.sidwaya.info\/wp-content\/uploads\/2021\/03\/1-41-300x257.jpg 300w, https:\/\/www.sidwaya.info\/wp-content\/uploads\/2021\/03\/1-41-150x129.jpg 150w, https:\/\/www.sidwaya.info\/wp-content\/uploads\/2021\/03\/1-41-490x420.jpg 490w\" sizes=\"auto, (max-width: 546px) 100vw, 546px\" alt=\"\" title=\"1\"\/><\/a><\/div>\n<p><strong>L\u2019hebdomadaire Conseil des ministres s\u2019est tenu, le mercredi 24 mars 2021, \u00e0 Ouagadougou, sous la pr\u00e9sidence du chef de l\u2019Etat, Roch Marc Christian Kabor\u00e9. Plusieurs d\u00e9crets inh\u00e9rents \u00e0 des d\u00e9partements minist\u00e9riels ont \u00e9t\u00e9 adopt\u00e9s.<\/strong><\/p>\n<p>Le pr\u00e9sident du Faso vient d\u2019user de son droit de gr\u00e2ce consacr\u00e9 par l\u2019article 54 de la Constitution en accordant une remise totale et partielle de peines \u00e0 796 d\u00e9tenus. La d\u00e9cision a \u00e9t\u00e9 prise lors du Conseil des ministres du mercredi 24 mars 2021, \u00e0 Ouagadougou. \u00ab Parmi eux, 280 d\u00e9tenus condamn\u00e9s qui ont purg\u00e9 la moiti\u00e9 de leur peine b\u00e9n\u00e9ficient d\u2019une remise totale du reliquat de leurs peines. Les 516 b\u00e9n\u00e9ficient d\u2019une remise partielle de peines allant de trois \u00e0 douze mois \u00bb, a d\u00e9taill\u00e9 le ministre de la Communication et des Relations avec le Parlement, porte-parole du gouvernement, Ouss\u00e9ni Tamboura. Il a indiqu\u00e9 que le droit de gr\u00e2ce permet \u00e0 des d\u00e9tenus dans les maisons d\u2019arr\u00eat et de correction de voir leur bonne conduite r\u00e9compens\u00e9e. \u00ab Ce droit de gr\u00e2ce permet aussi aux pouvoirs publics d\u2019encourager les politiques pour les dispositifs de r\u00e9insertion des d\u00e9tenus. En plus de la mission de sanctionner, nous avons aussi le devoir de faire en sorte que ceux qui sortent de ces prisons puissent se r\u00e9ins\u00e9rer dans la vie civile \u00bb, a expliqu\u00e9 M. Tamboura.<\/p>\n<p>Au titre de la Primature, le conseil des ministres a adopt\u00e9 trois d\u00e9crets relatifs \u00e0 la cr\u00e9ation d\u2019une Commission nationale de contr\u00f4le des armes (CNCA) au Burkina Faso. Selon le porte-parole du gouvernement, la commission remplace les pr\u00e9c\u00e9dentes structures nationales de lutte contre la prolif\u00e9ration des armes l\u00e9g\u00e8res et de contr\u00f4le d\u2019importation d\u2019armes qui existaient \u00e0 la Primature. \u00ab Par cette nouvelle commission, toutes les cat\u00e9gories d\u2019armes, civiles et militaires, tous les mat\u00e9riels connexes et de munitions, voient d\u00e9sormais leur transfert et la lutte contre la prolif\u00e9ration des armes l\u00e9g\u00e8res sous une seule autorit\u00e9 \u00bb, a-t-il soulign\u00e9. Il a inform\u00e9 que le 2e d\u00e9cret toujours relatif \u00e0 la CNCA donne une d\u00e9l\u00e9gation de signature du pr\u00e9sident du Faso pour les certificats de destination finale ou d\u2019utilisateur final au ministre en charge de la d\u00e9fense et \u00e0 son homologue de la S\u00e9curit\u00e9. La d\u00e9l\u00e9gation de signature accord\u00e9e au ministre de la D\u00e9fense concerne les armes destin\u00e9es aux Forces de d\u00e9fense et de s\u00e9curit\u00e9 et celle donn\u00e9e au ministre de la S\u00e9curit\u00e9 concerne les armes civiles. En outre, a-t-il relev\u00e9, le troisi\u00e8me d\u00e9cret institue un visa sur lesdits certificats par le secr\u00e9taire permanent de la commission.<\/p>\n<p>Plan de riposte contre la m\u00e9ningite<\/p>\n<p>Concernant le minist\u00e8re de la Sant\u00e9, le conseil a adopt\u00e9 un plan de pr\u00e9paration et de riposte \u00e0 une \u00e9ventuelle \u00e9pid\u00e9mie de m\u00e9ningite en 2021. Ce plan qui vise \u00e0 agir en cas de survenue d\u2019une \u00e9pid\u00e9mie de m\u00e9ningite est estim\u00e9e \u00e0 plus de 3 milliards F CFA qui seront financ\u00e9s par le budget de l\u2019Etat et la contribution des partenaires techniques et financiers. \u00ab Le pr\u00e9sident du Faso a rappel\u00e9 qu\u2019il y avait lieu de faire les pr\u00e9visions budg\u00e9taires \u00e0 temps et de fa\u00e7on suffisante d\u2019autant plus que le pays se trouve dans la ceinture m\u00e9ningitique \u00bb, a confi\u00e9 le ministre en charge de la communication.<\/p>\n<p>Plusieurs d\u00e9crets ont aussi \u00e9t\u00e9 adopt\u00e9s au titre du minist\u00e8re de la Fonction publique, du Travail et de la Protection sociale. \u00ab Le premier d\u00e9cret porte cr\u00e9ation, attributions, composition et organisation d\u2019un dispositif de pilotage des revenus fonctionnels dans quatre minist\u00e8res qui repr\u00e9sentent 72% des effectifs et 61% de la masse salariale dans l\u2019administration publique. Les d\u00e9partements de la justice, de la sant\u00e9 et de l\u2019\u00e9ducation sont concern\u00e9s par la mise en place d\u2019un comit\u00e9 de pilotage et d\u2019un comit\u00e9 technique interminist\u00e9riel de suivi \u00bb, a d\u00e9clar\u00e9 Ouss\u00e9ni Tamboura. A l\u2019entendre, la revue fonctionnelle est une activit\u00e9 analytique qui implique les consultants et les directeurs des ressources humaines qui sont dans ces d\u00e9partements, cela dans le cadre de la modernisation de l\u2019administration publique.<\/p>\n<p><strong>120 m\u00e9gawatts en provenance du Ghana<\/strong><\/p>\n<p>Le conseil des ministres a \u00e9galement adopt\u00e9 des statuts particuliers des m\u00e9tiers \u00ab Promotion et protection des droits humains \u00bb, \u00ab Gouvernance administrative \u00bb, \u00ab Infrastructures \u00bb, \u00ab Mine et \u00e9nergie \u00bb, \u00ab Administration et \u00e9conomie financi\u00e8re \u00bb, \u00ab Eau \u00bb, \u00ab Agriculture et environnement \u00bb, \u00ab Sant\u00e9 animale et humaine \u00bb et les m\u00e9tiers structurants comprenant les emplois de charg\u00e9 d\u2019\u00e9tudes et d\u2019analyses, de secr\u00e9taires et de chauffeurs. Dans ces familles d\u2019emplois, il est cr\u00e9\u00e9 des m\u00e9tiers avec leur description et attributions, selon les explications du ministre.<\/p>\n<p>Au titre des communications orales, le ministre de l\u2019Energie a inform\u00e9 le conseil de ses voyages au Ghana et en C\u00f4te d\u2019Ivoire afin de solliciter des importations d\u2019\u00e9nergie dans une p\u00e9riode critique de forte demande en \u00e9lectricit\u00e9. \u00ab Ces voyages avaient pour but de voir avec ces deux pays, sur la base d\u2019une coop\u00e9ration existante, pour que les exportations d\u2019\u00e9lectricit\u00e9 vers le Burkina soient plus importantes. Du Ghana, nous sommes en droit d\u2019attendre, \u00e0 partir du 15 mars 2021, 120 m\u00e9gawatts au lieu de 100 habituellement. De la C\u00f4te d\u2019Ivoire, nous attendons 50 m\u00e9gawatts au lieu de 30. A partir d\u2019ao\u00fbt 2021, nous pourrons attendre 90 m\u00e9gawatts de la C\u00f4te d\u2019Ivoire \u00bb, a inform\u00e9 M. Tamboura. A propos du minist\u00e8re en charge de la communication, le porte-parole du gouvernement a laiss\u00e9 entendre que le d\u00e9p\u00f4t des dossiers par les entreprises de presse priv\u00e9e pour b\u00e9n\u00e9ficier de la subvention annuelle de l\u2019Etat de 400 millions F CFA court du 1er au 30 avril 2021. Au plus tard, le 3 juin prochain, apr\u00e8s examen des dossiers, les b\u00e9n\u00e9ficiaires retenus pourront passer \u00e0 la caisse.<\/p>\n<p class=\"c1\"><strong>Karim BADOLO<\/strong><\/p>\n<div class=\"td-a-rec td-a-rec-id-content_bottom tdi_33_c5b td_block_template_1\">\n<p><img loading=\"lazy\" decoding=\"async\" class=\"aligncenter size-full wp-image-27454\" src=\"https:\/\/www.sidwaya.info\/wp-content\/uploads\/2020\/10\/PUB-Bandeau-paiement-mobile-siteweb.jpg\" alt=\"\" width=\"728\" height=\"90\"\/><\/div>\n<p>Auteur: BM. Sidwaya<br \/>\n<a href=\"https:\/\/www.sidwaya.info\/blog\/2021\/03\/24\/justice-la-grace-presidentielle-pour-796-detenus\/\">Cliquez ici pour lire l&rsquo;article depuis sa source.<\/a><\/p>\n","protected":false},"excerpt":{"rendered":"<p>L\u2019hebdomadaire Conseil des ministres s\u2019est tenu, le mercredi 24 mars 2021, \u00e0 Ouagadougou, sous la pr\u00e9sidence du chef de l\u2019Etat, Roch Marc Christian Kabor\u00e9. Plusieurs d\u00e9crets inh\u00e9rents \u00e0 des d\u00e9partements minist\u00e9riels ont \u00e9t\u00e9 adopt\u00e9s. Le pr\u00e9sident du Faso vient d\u2019user de son droit de gr\u00e2ce consacr\u00e9 par l\u2019article 54 de la Constitution en accordant une [&hellip;]<\/p>\n","protected":false},"author":1816,"featured_media":0,"comment_status":"closed","ping_status":"closed","sticky":false,"template":"","format":"standard","meta":{"fifu_image_url":"https:\/\/www.sidwaya.info\/wp-content\/uploads\/2021\/03\/1-41.jpg","fifu_image_alt":"Justice : la gr\u00e2ce pr\u00e9sidentielle pour 796 d\u00e9tenus","footnotes":""},"categories":[73,81],"tags":[],"class_list":["post-113674","post","type-post","status-publish","format-standard","hentry","category-actualite","category-burkina-faso"],"_links":{"self":[{"href":"https:\/\/linitiative.ca\/International\/wp-json\/wp\/v2\/posts\/113674","targetHints":{"allow":["GET"]}}],"collection":[{"href":"https:\/\/linitiative.ca\/International\/wp-json\/wp\/v2\/posts"}],"about":[{"href":"https:\/\/linitiative.ca\/International\/wp-json\/wp\/v2\/types\/post"}],"author":[{"embeddable":true,"href":"https:\/\/linitiative.ca\/International\/wp-json\/wp\/v2\/users\/1816"}],"replies":[{"embeddable":true,"href":"https:\/\/linitiative.ca\/International\/wp-json\/wp\/v2\/comments?post=113674"}],"version-history":[{"count":0,"href":"https:\/\/linitiative.ca\/International\/wp-json\/wp\/v2\/posts\/113674\/revisions"}],"wp:attachment":[{"href":"https:\/\/linitiative.ca\/International\/wp-json\/wp\/v2\/media?parent=113674"}],"wp:term":[{"taxonomy":"category","embeddable":true,"href":"https:\/\/linitiative.ca\/International\/wp-json\/wp\/v2\/categories?post=113674"},{"taxonomy":"post_tag","embeddable":true,"href":"https:\/\/linitiative.ca\/International\/wp-json\/wp\/v2\/tags?post=113674"}],"curies":[{"name":"wp","href":"https:\/\/api.w.org\/{rel}","templated":true}]}}