{"id":113676,"date":"2021-03-24T08:30:08","date_gmt":"2021-03-24T12:30:08","guid":{"rendered":"https:\/\/linitiative.ca\/International\/cameroun-neuf-projets-de-loi-deposes-au-parlement\/"},"modified":"2021-03-24T08:30:08","modified_gmt":"2021-03-24T12:30:08","slug":"cameroun-neuf-projets-de-loi-deposes-au-parlement","status":"publish","type":"post","link":"https:\/\/linitiative.ca\/International\/cameroun-neuf-projets-de-loi-deposes-au-parlement\/","title":{"rendered":"Cameroun : neuf projets de loi d\u00e9pos\u00e9s au Parlement"},"content":{"rendered":"<div readability=\"32\">\n<p>Publi\u00e9 le 24.03.2021 \u00e0 13h30 par JournalduCameroun.com<\/p>\n<\/div>\n<div readability=\"67\">\n<h2 class=\"c8\">Les textes ont \u00e9t\u00e9 re\u00e7us \u00e0 l\u2019Assembl\u00e9e nationale le lundi\u00a022\u00a0mars dernier. Tous portent sur des autorisations de ratification d\u2019accords par le pr\u00e9sident de la R\u00e9publique.<\/h2>\n<p class=\"c9\"><strong>Neuf projets de loi<\/strong> ont \u00e9t\u00e9 descendus par l\u2019ex\u00e9cutif au niveau de la repr\u00e9sentation nationale. Ils ont dans un premier temps \u00e9t\u00e9 re\u00e7us par la Conf\u00e9rence des pr\u00e9sidents que pr\u00e9side Hilarion Etong, premier vice-pr\u00e9sident de la Chambre basse. Apr\u00e8s la pl\u00e9ni\u00e8re d\u2019annonce des projets, les textes ont \u00e9t\u00e9 ventil\u00e9s dans les diff\u00e9rentes commissions comp\u00e9tentes et pour examen et d\u00e9fense par les ministres concern\u00e9s. Il s\u2019agit concr\u00e8tement de\u00a0:<\/p>\n<p class=\"c9\">Projet de loi autorisant le pr\u00e9sident de la R\u00e9publique \u00e0 ratifier l\u2019accord sur le transf\u00e8rement des personnes condamn\u00e9es \u00e0 l\u2019emprisonnement libre entre la R\u00e9publique du Cameroun et la R\u00e9publique f\u00e9d\u00e9rale du Br\u00e9sil.<\/p>\n<p class=\"c9\">Projet de loi autorisant le pr\u00e9sident de la R\u00e9publique \u00e0 ratifier l\u2019accord d\u2019extradition entre la R\u00e9publique du Cameroun et la R\u00e9publique f\u00e9d\u00e9rative du Br\u00e9sil.<\/p>\n<p class=\"c9\">Projet de loi\u00a0 autorisant le pr\u00e9sident de la R\u00e9publique \u00e0 ratifier l\u2019accord-cadre militaire entre le gouvernement de la R\u00e9publique du Cameroun et le gouvernement de la R\u00e9publique de Turquie.<\/p>\n<p class=\"c9\">Un autre projet de loi a \u00e9t\u00e9 d\u00e9pos\u00e9 pour examen autorisant le pr\u00e9sident de la R\u00e9publique \u00e0 ratifier l\u2019accord de coop\u00e9ration militaire entre le gouvernement de la R\u00e9publique du <strong>Cameroun<\/strong> et le gouvernement de la R\u00e9publique de Turquie.<\/p>\n<p class=\"c9\">Projet de loi autorisant le pr\u00e9sident de la R\u00e9publique \u00e0 ratifier la convention entre le gouvernement de la R\u00e9publique du Cameroun et le gouvernement des \u00c9mirats arabes unis tendant \u00e0 \u00e9viter les doubles impositions et \u00e0 pr\u00e9venir l\u2019\u00e9vasion fiscale en mati\u00e8re d\u2019imp\u00f4ts sur le revenu.<\/p>\n<p class=\"c9\">Projet de loi visant \u00e0 autoriser le pr\u00e9sident de la R\u00e9publique \u00e0 ratifier l\u2019accord de Georgetown r\u00e9vis\u00e9 \u00e0 Nairobi les 9 et 10\u00a0d\u00e9cembre 2019.<\/p>\n<p class=\"c9\">Est \u00e9galement d\u00e9pos\u00e9 le projet de loi le pr\u00e9sident de la R\u00e9publique \u00e0 ratifier le trait\u00e9 de Marrakech visant \u00e0 faciliter l\u2019acc\u00e8s des personnes aveugles, malvoyantes ou autrement incapables de lire les imprim\u00e9s aux \u0153uvres publi\u00e9es.<\/p>\n<p class=\"c9\">Le projet de loi autorisant le pr\u00e9sident de la R\u00e9publique \u00e0 ratifier l\u2019accord de coop\u00e9ration entre le gouvernement de la R\u00e9publique du Cameroun et le gouvernement des \u00c9mirats arabes unis relatif \u00e0 la facilitation des visas.<\/p>\n<\/div>\n<p>Auteur: journalducameroun<br \/>\n<a href=\"https:\/\/www.journalducameroun.com\/cameroun-neuf-projets-de-loi-deposes-au-parlement-cameroun\/\">Cliquez ici pour lire l&rsquo;article depuis sa source.<\/a><\/p>\n","protected":false},"excerpt":{"rendered":"<p>Publi\u00e9 le 24.03.2021 \u00e0 13h30 par JournalduCameroun.com Les textes ont \u00e9t\u00e9 re\u00e7us \u00e0 l\u2019Assembl\u00e9e nationale le lundi\u00a022\u00a0mars dernier. Tous portent sur des autorisations de ratification d\u2019accords par le pr\u00e9sident de la R\u00e9publique. Neuf projets de loi ont \u00e9t\u00e9 descendus par l\u2019ex\u00e9cutif au niveau de la repr\u00e9sentation nationale. Ils ont dans un premier temps \u00e9t\u00e9 re\u00e7us [&hellip;]<\/p>\n","protected":false},"author":1965,"featured_media":0,"comment_status":"closed","ping_status":"closed","sticky":false,"template":"","format":"standard","meta":{"fifu_image_url":"","fifu_image_alt":"","footnotes":""},"categories":[73,82],"tags":[],"class_list":["post-113676","post","type-post","status-publish","format-standard","hentry","category-actualite","category-cameroun"],"_links":{"self":[{"href":"https:\/\/linitiative.ca\/International\/wp-json\/wp\/v2\/posts\/113676","targetHints":{"allow":["GET"]}}],"collection":[{"href":"https:\/\/linitiative.ca\/International\/wp-json\/wp\/v2\/posts"}],"about":[{"href":"https:\/\/linitiative.ca\/International\/wp-json\/wp\/v2\/types\/post"}],"author":[{"embeddable":true,"href":"https:\/\/linitiative.ca\/International\/wp-json\/wp\/v2\/users\/1965"}],"replies":[{"embeddable":true,"href":"https:\/\/linitiative.ca\/International\/wp-json\/wp\/v2\/comments?post=113676"}],"version-history":[{"count":0,"href":"https:\/\/linitiative.ca\/International\/wp-json\/wp\/v2\/posts\/113676\/revisions"}],"wp:attachment":[{"href":"https:\/\/linitiative.ca\/International\/wp-json\/wp\/v2\/media?parent=113676"}],"wp:term":[{"taxonomy":"category","embeddable":true,"href":"https:\/\/linitiative.ca\/International\/wp-json\/wp\/v2\/categories?post=113676"},{"taxonomy":"post_tag","embeddable":true,"href":"https:\/\/linitiative.ca\/International\/wp-json\/wp\/v2\/tags?post=113676"}],"curies":[{"name":"wp","href":"https:\/\/api.w.org\/{rel}","templated":true}]}}