{"id":113677,"date":"2021-03-24T09:03:45","date_gmt":"2021-03-24T13:03:45","guid":{"rendered":"https:\/\/linitiative.ca\/International\/region-du-nord-237-nouveaux-cas-covid-19-enregistres-en-une-quinzaine-de-jours\/"},"modified":"2021-03-24T09:03:45","modified_gmt":"2021-03-24T13:03:45","slug":"region-du-nord-237-nouveaux-cas-covid-19-enregistres-en-une-quinzaine-de-jours","status":"publish","type":"post","link":"https:\/\/linitiative.ca\/International\/region-du-nord-237-nouveaux-cas-covid-19-enregistres-en-une-quinzaine-de-jours\/","title":{"rendered":"R\u00e9gion du Nord : 237 nouveaux cas Covid-19 enregistr\u00e9s en une quinzaine de jours"},"content":{"rendered":"<div readability=\"32\">\n<p>Publi\u00e9 le 24.03.2021 \u00e0 14h03 par JournalduCameroun.com<\/p>\n<\/div>\n<div readability=\"53\">\n<h2 class=\"c8\">Les autorit\u00e9s de la r\u00e9gion ont lanc\u00e9 une campagne de sensibilisation et de remobilisation pour endiguer cette vague de contamination.<\/h2>\n<p class=\"c9\">Entre le 1<sup>er<\/sup> et le 18 mars 2021, la <strong>r\u00e9gion du Nord<\/strong> du Cameroun (pr\u00e8s de 2 millions d\u2019habitants) a enregistr\u00e9 237 cas de coronavirus. Les cas positifs de <strong>coronavirus<\/strong> ont \u00e9t\u00e9 not\u00e9 dans les districts de sant\u00e9 de de Figuil, de Pitoa, de Tchollir\u00e9 et de Garoua II, rapporte Nord Actu info TV.<\/p>\n<p class=\"c9\">Au total, depuis le d\u00e9but de l\u2019ann\u00e9e 2021, 534 ont \u00e9t\u00e9 confirm\u00e9s positifs au covid-19 dans la r\u00e9gion du Nord. Face \u00e0 cette flamb\u00e9e de nouveaux cas, le gouverneur Jean Abat\u00e9 Edi\u2019i a lanc\u00e9 le 18 mars, une campagne de sensibilisation et de remobilisation dans la ville de Garoua, capitale de la r\u00e9gion.<\/p>\n<p class=\"c9\">A la date du 19 mars, le <strong>Cameroun<\/strong> comptait 41\u00a0669 cas d\u00e9tect\u00e9s, dont 38\u00a0820 gu\u00e9risons et 721 d\u00e9c\u00e8s.<\/p>\n<\/div>\n<p>Auteur: journalducameroun<br \/>\n<a href=\"https:\/\/www.journalducameroun.com\/region-du-nord-237-nouveaux-cas-covid-19-enregistres-en-une-quinzaine-de-jours-cameroun\/\">Cliquez ici pour lire l&rsquo;article depuis sa source.<\/a><\/p>\n","protected":false},"excerpt":{"rendered":"<p>Publi\u00e9 le 24.03.2021 \u00e0 14h03 par JournalduCameroun.com Les autorit\u00e9s de la r\u00e9gion ont lanc\u00e9 une campagne de sensibilisation et de remobilisation pour endiguer cette vague de contamination. Entre le 1er et le 18 mars 2021, la r\u00e9gion du Nord du Cameroun (pr\u00e8s de 2 millions d\u2019habitants) a enregistr\u00e9 237 cas de coronavirus. Les cas positifs [&hellip;]<\/p>\n","protected":false},"author":1965,"featured_media":0,"comment_status":"closed","ping_status":"closed","sticky":false,"template":"","format":"standard","meta":{"fifu_image_url":"","fifu_image_alt":"","footnotes":""},"categories":[73,82],"tags":[],"class_list":["post-113677","post","type-post","status-publish","format-standard","hentry","category-actualite","category-cameroun"],"_links":{"self":[{"href":"https:\/\/linitiative.ca\/International\/wp-json\/wp\/v2\/posts\/113677","targetHints":{"allow":["GET"]}}],"collection":[{"href":"https:\/\/linitiative.ca\/International\/wp-json\/wp\/v2\/posts"}],"about":[{"href":"https:\/\/linitiative.ca\/International\/wp-json\/wp\/v2\/types\/post"}],"author":[{"embeddable":true,"href":"https:\/\/linitiative.ca\/International\/wp-json\/wp\/v2\/users\/1965"}],"replies":[{"embeddable":true,"href":"https:\/\/linitiative.ca\/International\/wp-json\/wp\/v2\/comments?post=113677"}],"version-history":[{"count":0,"href":"https:\/\/linitiative.ca\/International\/wp-json\/wp\/v2\/posts\/113677\/revisions"}],"wp:attachment":[{"href":"https:\/\/linitiative.ca\/International\/wp-json\/wp\/v2\/media?parent=113677"}],"wp:term":[{"taxonomy":"category","embeddable":true,"href":"https:\/\/linitiative.ca\/International\/wp-json\/wp\/v2\/categories?post=113677"},{"taxonomy":"post_tag","embeddable":true,"href":"https:\/\/linitiative.ca\/International\/wp-json\/wp\/v2\/tags?post=113677"}],"curies":[{"name":"wp","href":"https:\/\/api.w.org\/{rel}","templated":true}]}}