{"id":113679,"date":"2021-03-24T10:09:53","date_gmt":"2021-03-24T14:09:53","guid":{"rendered":"https:\/\/linitiative.ca\/International\/cameroun-assemblee-nationale-deces-du-depute-prince-mikody-a-lage-de-33-ans\/"},"modified":"2021-03-24T10:09:53","modified_gmt":"2021-03-24T14:09:53","slug":"cameroun-assemblee-nationale-deces-du-depute-prince-mikody-a-lage-de-33-ans","status":"publish","type":"post","link":"https:\/\/linitiative.ca\/International\/cameroun-assemblee-nationale-deces-du-depute-prince-mikody-a-lage-de-33-ans\/","title":{"rendered":"Cameroun-Assembl\u00e9e nationale : d\u00e9c\u00e8s du d\u00e9put\u00e9 Prince Mikody, \u00e0 l\u2019\u00e2ge de 33 ans"},"content":{"rendered":"<div readability=\"32\">\n<p>Publi\u00e9 le 24.03.2021 \u00e0 15h09 par JournalduCameroun.com<\/p>\n<\/div>\n<div readability=\"57\">\n<h2 class=\"c8\">L\u2019\u00e9lu RDPC de la Boumba et Ngoko (r\u00e9gion de l\u2019Est) s\u2019est \u00e9teint ce jour \u00e0 Yaound\u00e9 des suites de maladie.<\/h2>\n<p class=\"c9\">Le service de communication de l\u2019<strong>Assembl\u00e9e nationale<\/strong> annonce ce jour le d\u00e9c\u00e8s du d\u00e9put\u00e9 <strong>Prince Ange Gilbert Mikody<\/strong>. D\u00e9c\u00e8s survenu \u00e0 l\u2019h\u00f4pital g\u00e9n\u00e9ral de Yaound\u00e9 o\u00f9 il \u00e9tait intern\u00e9 depuis quelques jours.<\/p>\n<p class=\"c9\">Prince Mikody \u00e9tait un d\u00e9put\u00e9 du Rassemblement d\u00e9mocratique du peuple camerounais (RDPC) pour la circonscription \u00e9lectorale de la Boumba et Ngoko, dans la r\u00e9gion de l\u2019Est. N\u00e9 le 08 ao\u00fbt 1989 \u00e0 Moloundou, le parlementaire fait son entr\u00e9e \u00e0 l\u2019Assembl\u00e9e nationale \u00e0 la faveur de la 10<sup>i\u00e8me<\/sup> l\u00e9gislature sortie des \u00e9lections du 9 f\u00e9vrier 2020. Il \u00e9tait membre de la commission des Affaires \u00e9conomiques, de la programmation et de l\u2019am\u00e9nagement du territoire.<\/p>\n<p class=\"c9\">C\u2019est le cinqui\u00e8me <strong>d\u00e9put\u00e9<\/strong> de la 10<sup>\u00e8me<\/sup> l\u00e9gislature qui d\u00e9c\u00e8de depuis f\u00e9vrier 2020. Le 13 f\u00e9vrier dernier, c\u2019est Djibril Kaou, d\u00e9put\u00e9 du parti au pouvoir pour le Mayo-Tsanaga Sud, dans la r\u00e9gion de l\u2019Extr\u00eame-nord qui s\u2019\u00e9teignait \u00e0 Douala.<\/p>\n<p class=\"c9\">En d\u00e9cembre 2020, c\u2019est le d\u00e9put\u00e9 Yacouba Yaya du RDPC du Mayo Sava (r\u00e9gion de l\u2019Extr\u00eame-nord) qui tirait d\u00e9finitivement sa r\u00e9v\u00e9rence. Avant lui, en juillet 2020, Harouna Bougue, d\u00e9put\u00e9 du Mayo Louti (r\u00e9gion du Nord) disparaissait tragiquement dans un accident de la circulation.<\/p>\n<\/div>\n<p>Auteur: journalducameroun<br \/>\n<a href=\"https:\/\/www.journalducameroun.com\/cameroun-assemblee-nationale-deces-du-depute-prince-mikody-a-lage-de-33-ans\/\">Cliquez ici pour lire l&rsquo;article depuis sa source.<\/a><\/p>\n","protected":false},"excerpt":{"rendered":"<p>Publi\u00e9 le 24.03.2021 \u00e0 15h09 par JournalduCameroun.com L\u2019\u00e9lu RDPC de la Boumba et Ngoko (r\u00e9gion de l\u2019Est) s\u2019est \u00e9teint ce jour \u00e0 Yaound\u00e9 des suites de maladie. Le service de communication de l\u2019Assembl\u00e9e nationale annonce ce jour le d\u00e9c\u00e8s du d\u00e9put\u00e9 Prince Ange Gilbert Mikody. D\u00e9c\u00e8s survenu \u00e0 l\u2019h\u00f4pital g\u00e9n\u00e9ral de Yaound\u00e9 o\u00f9 il \u00e9tait [&hellip;]<\/p>\n","protected":false},"author":1965,"featured_media":0,"comment_status":"closed","ping_status":"closed","sticky":false,"template":"","format":"standard","meta":{"fifu_image_url":"","fifu_image_alt":"","footnotes":""},"categories":[73,82],"tags":[],"class_list":["post-113679","post","type-post","status-publish","format-standard","hentry","category-actualite","category-cameroun"],"_links":{"self":[{"href":"https:\/\/linitiative.ca\/International\/wp-json\/wp\/v2\/posts\/113679","targetHints":{"allow":["GET"]}}],"collection":[{"href":"https:\/\/linitiative.ca\/International\/wp-json\/wp\/v2\/posts"}],"about":[{"href":"https:\/\/linitiative.ca\/International\/wp-json\/wp\/v2\/types\/post"}],"author":[{"embeddable":true,"href":"https:\/\/linitiative.ca\/International\/wp-json\/wp\/v2\/users\/1965"}],"replies":[{"embeddable":true,"href":"https:\/\/linitiative.ca\/International\/wp-json\/wp\/v2\/comments?post=113679"}],"version-history":[{"count":0,"href":"https:\/\/linitiative.ca\/International\/wp-json\/wp\/v2\/posts\/113679\/revisions"}],"wp:attachment":[{"href":"https:\/\/linitiative.ca\/International\/wp-json\/wp\/v2\/media?parent=113679"}],"wp:term":[{"taxonomy":"category","embeddable":true,"href":"https:\/\/linitiative.ca\/International\/wp-json\/wp\/v2\/categories?post=113679"},{"taxonomy":"post_tag","embeddable":true,"href":"https:\/\/linitiative.ca\/International\/wp-json\/wp\/v2\/tags?post=113679"}],"curies":[{"name":"wp","href":"https:\/\/api.w.org\/{rel}","templated":true}]}}